{"id":54569,"date":"2022-12-27T10:04:16","date_gmt":"2022-12-27T16:04:16","guid":{"rendered":"http:\/\/bambapolitica.com.mx\/?p=54569"},"modified":"2022-12-27T10:04:19","modified_gmt":"2022-12-27T16:04:19","slug":"dan-prision-preventiva-a-el-perro-presunto-lider-de-la-union-tepito-en-cdmx","status":"publish","type":"post","link":"https:\/\/bambapolitica.com.mx\/index.php\/2022\/12\/27\/dan-prision-preventiva-a-el-perro-presunto-lider-de-la-union-tepito-en-cdmx\/","title":{"rendered":"Dan prisi\u00f3n preventiva a \u2018El Perro\u2019, presunto l\u00edder de la Uni\u00f3n Tepito en CdMx"},"content":{"rendered":"\n<p>martes, 27 de diciembre de 2022<\/p>\n\n\n\n<p>El Perro era el presunto encargado de cometer los delitos de narcomenudeo, extorisones y robo para la Uni\u00f3n Tepito; fue detenido el 24 de diciembre.<\/p>\n\n\n\n<p><br>Un juez de control le impuso prisi\u00f3n preventiva oficiosa contra Jos\u00e9 Gabriel \u2018N\u2019, El Perro, quien fue identificado por las autoridades de la Ciudad de M\u00e9xico como uno de los l\u00edderes de la Uni\u00f3n Tepito y colaborador cercano de Roberto Moyado Esparza, El Betito.<\/p>\n\n\n\n<p>La Fiscal\u00eda General de Justicia (FGJ) de la Ciudad de M\u00e9xico inform\u00f3 que, durante la audiencia inicial, el agente de Ministerio P\u00fablico solicit\u00f3 la vinculaci\u00f3n a proceso contra El Perro, pues formul\u00f3 las imputaciones en su contra por:<\/p>\n\n\n\n<p>Delitos contra la salud, en su modalidad de narcomenudeo<br>Portaci\u00f3n de arma de fuego de uso exclusivo de las fuerzas armadas<br>Cohecho, por lo que solicit\u00f3 su vinculaci\u00f3n a proceso.<br>No obstante, la defensa legal de Jos\u00e9 Gabriel \u2018N\u2019 solicit\u00f3 la duplicidad del t\u00e9rmino constitucional, por lo que el juez de control impuso dicha medida cautelar hasta la continuaci\u00f3n de la audiencia.<\/p>\n\n\n\n<p>Detienen a \u2018El Perro\u2019 en CdMx<br>Agentes de la Polic\u00eda de Investigaci\u00f3n detuvieron a Jos\u00e9 Gabriel \u2018N\u2019 el 24 de diciembre en el Anillo Perif\u00e9rico, colonia Cantil del Pedregal, alcald\u00eda Coyoac\u00e1n, donde se le asegur\u00f3 presunta coca\u00edna, la cual estaba envuelta en una bolsa de pl\u00e1stico y 451 envoltorios, as\u00ed como 77 dosis de marihuana.<\/p>\n\n\n\n<p>Adem\u00e1s, El Perro portaba un arma de fuego corta, un cargador abastecido, cartuchos \u00fatiles calibre nueve mil\u00edmetros, un veh\u00edculo de gama alta e identificaciones falsas con su fotograf\u00eda.<br>Seg\u00fan con las investigaciones de las autoridades capitalinas, El Perro extorsionaba a comerciantes de Tepito y la zona centro de la Ciudad de M\u00e9xico, presuntamente le cobraba a carteristas para que pudieran operar en diversas colonias y era el encargado de despojo de inmuebles, secuestros y narcomenudeos para la Uni\u00f3n.<\/p>\n\n\n\n<p>Por ello, las autoridades identificaron a El Perro como uno de los l\u00edderes clave de la Uni\u00f3n Tepito, principalmente en el centro de la Ciudad de M\u00e9xico, pues tambi\u00e9n era el encargado de despojar inmuebles que despu\u00e9s eran utilizados para almacenar drogas y diversos art\u00edculos robados.<\/p>\n\n\n\n<p>Jos\u00e9 Gabriel \u2018N\u2019 presuntamente generaba altos ingresos para la Uni\u00f3n, pues vend\u00eda veh\u00edculos que la agrupaci\u00f3n criminal obten\u00eda a trav\u00e9s de extorsiones y secuestros.<\/p>\n\n\n\n<p>El Perro cuenta con antecedentes por el delito de ultrajes a la autoridad y podr\u00eda estar relacionado con averiguaciones previas iniciadas por secuestro o plagio, homicidio y delito contra funcionarios p\u00fablicos, todas en calidad de imputado.<\/p>\n","protected":false},"excerpt":{"rendered":"<p>martes, 27 de diciembre de 2022 El Perro era el presunto encargado de cometer los&#8230;<\/p>\n","protected":false},"author":3,"featured_media":54570,"comment_status":"closed","ping_status":"closed","sticky":false,"template":"","format":"standard","meta":{"footnotes":""},"categories":[2],"tags":[],"class_list":["post-54569","post","type-post","status-publish","format-standard","has-post-thumbnail","hentry","category-policiaca"],"_links":{"self":[{"href":"https:\/\/bambapolitica.com.mx\/index.php\/wp-json\/wp\/v2\/posts\/54569","targetHints":{"allow":["GET"]}}],"collection":[{"href":"https:\/\/bambapolitica.com.mx\/index.php\/wp-json\/wp\/v2\/posts"}],"about":[{"href":"https:\/\/bambapolitica.com.mx\/index.php\/wp-json\/wp\/v2\/types\/post"}],"author":[{"embeddable":true,"href":"https:\/\/bambapolitica.com.mx\/index.php\/wp-json\/wp\/v2\/users\/3"}],"replies":[{"embeddable":true,"href":"https:\/\/bambapolitica.com.mx\/index.php\/wp-json\/wp\/v2\/comments?post=54569"}],"version-history":[{"count":1,"href":"https:\/\/bambapolitica.com.mx\/index.php\/wp-json\/wp\/v2\/posts\/54569\/revisions"}],"predecessor-version":[{"id":54571,"href":"https:\/\/bambapolitica.com.mx\/index.php\/wp-json\/wp\/v2\/posts\/54569\/revisions\/54571"}],"wp:featuredmedia":[{"embeddable":true,"href":"https:\/\/bambapolitica.com.mx\/index.php\/wp-json\/wp\/v2\/media\/54570"}],"wp:attachment":[{"href":"https:\/\/bambapolitica.com.mx\/index.php\/wp-json\/wp\/v2\/media?parent=54569"}],"wp:term":[{"taxonomy":"category","embeddable":true,"href":"https:\/\/bambapolitica.com.mx\/index.php\/wp-json\/wp\/v2\/categories?post=54569"},{"taxonomy":"post_tag","embeddable":true,"href":"https:\/\/bambapolitica.com.mx\/index.php\/wp-json\/wp\/v2\/tags?post=54569"}],"curies":[{"name":"wp","href":"https:\/\/api.w.org\/{rel}","templated":true}]}}