{"id":54575,"date":"2022-12-27T10:21:23","date_gmt":"2022-12-27T16:21:23","guid":{"rendered":"http:\/\/bambapolitica.com.mx\/?p=54575"},"modified":"2022-12-27T10:21:32","modified_gmt":"2022-12-27T16:21:32","slug":"biden-declara-la-emergencia-en-el-estado-de-nueva-york-para-dar-ayuda-federal","status":"publish","type":"post","link":"https:\/\/bambapolitica.com.mx\/index.php\/2022\/12\/27\/biden-declara-la-emergencia-en-el-estado-de-nueva-york-para-dar-ayuda-federal\/","title":{"rendered":"Biden declara la emergencia en el estado de Nueva York para dar ayuda federal"},"content":{"rendered":"\n<p>martes, 27 de diciembre de 2022<\/p>\n\n\n\n<p>Biden aprob\u00f3 la declaraci\u00f3n de emergencia para el estado de Nueva York, el m\u00e1s afectado por la tormenta Elliot<br>El presidente de Estados Unidos, Joe Biden, aprob\u00f3 la declaraci\u00f3n de emergencia para el estado de Nueva York, el m\u00e1s afectado por la tormenta Elliot, para facilitar la ayuda federal necesaria para paliar sus efectos y atender a los afectados, inform\u00f3 la Casa Blanca en un comunicado.<\/p>\n\n\n\n<p>Con esta declaraci\u00f3n, el Gobierno estadounidense aprueba la ayuda federal al gobierno estatal y los locales para hacer frente a las consecuencias de esta tormenta severa que ha causado la muerte de al menos medio centenar de personas en todo el pa\u00eds, 27 de ellos en el noroeste del estado de Nueva York.<\/p>\n\n\n\n<p>El presidente autoriz\u00f3 as\u00ed al Departamento de Interior y a la Agencia para el Manejo de Emergencias (FEMA) a coordinar las acciones que sean necesarias para afrontar esta situaci\u00f3n y \u201caliviar la adversidad y el sufrimiento\u201d provocados por el temporal.<\/p>\n\n\n\n<p>Estados Unidos intenta recuperarse de los estragos provocados por el frente \u00e1rtico que se ha llevado la vida de m\u00e1s de 50 personas, la mitad en la zona de B\u00fafalo, en el estado de Nueva York.<\/p>\n\n\n\n<p>La tormenta Elliot, calificada como \u201c\u00fanica en una generaci\u00f3n\u201d por el servicio meteorol\u00f3gico nacional (NWS ), ha causado g\u00e9lidas temperaturas desde los Grandes Lagos, cerca de Canad\u00e1, hasta el r\u00edo Bravo, en la frontera con M\u00e9xico.<\/p>\n\n\n\n<p>Las fuertes nevadas y los vientos huracanados han dejado a miles de personas atrapadas en sus casas y en las carreteras, miles de pasajeros varados en Nochebuena por la cancelaci\u00f3n de vuelos y miles de hogares sin luz por el colapso de la infraestructura el\u00e9ctrica.<\/p>\n","protected":false},"excerpt":{"rendered":"<p>martes, 27 de diciembre de 2022 Biden aprob\u00f3 la declaraci\u00f3n de emergencia para el estado&#8230;<\/p>\n","protected":false},"author":3,"featured_media":54576,"comment_status":"closed","ping_status":"closed","sticky":false,"template":"","format":"standard","meta":{"footnotes":""},"categories":[5],"tags":[],"class_list":["post-54575","post","type-post","status-publish","format-standard","has-post-thumbnail","hentry","category-internacional"],"_links":{"self":[{"href":"https:\/\/bambapolitica.com.mx\/index.php\/wp-json\/wp\/v2\/posts\/54575","targetHints":{"allow":["GET"]}}],"collection":[{"href":"https:\/\/bambapolitica.com.mx\/index.php\/wp-json\/wp\/v2\/posts"}],"about":[{"href":"https:\/\/bambapolitica.com.mx\/index.php\/wp-json\/wp\/v2\/types\/post"}],"author":[{"embeddable":true,"href":"https:\/\/bambapolitica.com.mx\/index.php\/wp-json\/wp\/v2\/users\/3"}],"replies":[{"embeddable":true,"href":"https:\/\/bambapolitica.com.mx\/index.php\/wp-json\/wp\/v2\/comments?post=54575"}],"version-history":[{"count":1,"href":"https:\/\/bambapolitica.com.mx\/index.php\/wp-json\/wp\/v2\/posts\/54575\/revisions"}],"predecessor-version":[{"id":54577,"href":"https:\/\/bambapolitica.com.mx\/index.php\/wp-json\/wp\/v2\/posts\/54575\/revisions\/54577"}],"wp:featuredmedia":[{"embeddable":true,"href":"https:\/\/bambapolitica.com.mx\/index.php\/wp-json\/wp\/v2\/media\/54576"}],"wp:attachment":[{"href":"https:\/\/bambapolitica.com.mx\/index.php\/wp-json\/wp\/v2\/media?parent=54575"}],"wp:term":[{"taxonomy":"category","embeddable":true,"href":"https:\/\/bambapolitica.com.mx\/index.php\/wp-json\/wp\/v2\/categories?post=54575"},{"taxonomy":"post_tag","embeddable":true,"href":"https:\/\/bambapolitica.com.mx\/index.php\/wp-json\/wp\/v2\/tags?post=54575"}],"curies":[{"name":"wp","href":"https:\/\/api.w.org\/{rel}","templated":true}]}}