{"id":54584,"date":"2022-12-27T11:00:20","date_gmt":"2022-12-27T17:00:20","guid":{"rendered":"http:\/\/bambapolitica.com.mx\/?p=54584"},"modified":"2022-12-27T11:00:21","modified_gmt":"2022-12-27T17:00:21","slug":"nueva-york-pide-ser-declarada-zona-catastrofica-tras-la-tormenta-invernal","status":"publish","type":"post","link":"https:\/\/bambapolitica.com.mx\/index.php\/2022\/12\/27\/nueva-york-pide-ser-declarada-zona-catastrofica-tras-la-tormenta-invernal\/","title":{"rendered":"Nueva York pide ser declarada zona catastr\u00f3fica tras la tormenta invernal"},"content":{"rendered":"\n<p>martes, 27 de diciembre de 2022<\/p>\n\n\n\n<p>Nueva York solicit\u00f3 la declaratoria de zona catastr\u00f3fica para hacer frente a los costos y gastos ocasionados por la tormenta invernal Elliot<br>La gobernadora de Nueva York, Kathy Hochul, solicit\u00f3 a la Casa Blanca que se declare el noroeste del estado como zona catastr\u00f3fica tras el paso de la tormenta invernal Elliot, que ha causado cerca de 30 muertos.<\/p>\n\n\n\n<p>En una rueda de prensa celebrada en la ciudad de Buffalo, la m\u00e1s castigada por la nieve y las bajas temperaturas, Hochul enfatiz\u00f3 lo importante de esta medida para hacer frente a los costes y gastos ocasionados por la tormenta, que en todo el pa\u00eds dej\u00f3 medio centenar de v\u00edctimas mortales.<br>En su intervenci\u00f3n, la gobernadora agreg\u00f3 que aunque la situaci\u00f3n es mejor, todav\u00eda se espera que caigan entre 15 y 30 cent\u00edmetros de nieve en el sur del condado de Erie, cuya capital es la ciudad de Buffalo.<\/p>\n\n\n\n<p>\u201cLa situaci\u00f3n no es mala como en el \u00faltimo par de d\u00edas, pero sigue siendo una situaci\u00f3n peligrosa para estar fuera. Qu\u00e9dense en casa hasta ma\u00f1ana\u201d, insisti\u00f3 Hochul, que calific\u00f3 la tormenta como \u201c\u00fanica en una generaci\u00f3n\u201d.<\/p>\n\n\n\n<p>Seg\u00fan las autoridades locales, todav\u00eda hay 12 mil viviendas sin electricidad en la ciudad, donde cuatro subestaciones el\u00e9ctricas resultaron da\u00f1adas por el paso de la tormenta.<br>El alcalde de Buffalo, Byron Brown, asegur\u00f3 que su casa fue una de las que sufri\u00f3 cortes de luz y explic\u00f3 que estuvo a 4 grados cent\u00edgrados con varios miembros de su familia incluidos dos menores.<\/p>\n\n\n\n<p>Brown tambi\u00e9n hizo referencia durante su intervenci\u00f3n a la existencia de saqueos en la ciudad y la detenci\u00f3n de algunas personas.<\/p>\n\n\n\n<p>Por su parte, la m\u00e1xima autoridad del condado de Erie, Mark Poloncarz, subray\u00f3 que la oficina del forense ha confirmado la muerte de 25 personas, once de ellas durante la pasada noche, aunque advirti\u00f3 de que este n\u00famero ser\u00e1 m\u00e1s elevado.<\/p>\n\n\n\n<p>Seg\u00fan medios locales, el n\u00famero de muertos en Nueva York asciende a 27, 18 de ellos en Buffalo.<\/p>\n\n\n\n<p>\u201cEntendemos perfectamente las dificultades por las que est\u00e1n pasando tantas familias y la frustraci\u00f3n a la que se enfrentan. Hay 18 muertos en Buffalo: en las calles, se desorientaron y murieron; gente que muri\u00f3 en coches y en casas\u201d, dijo Brown antes de subrayar que es una situaci\u00f3n \u201cmuy dif\u00edcil y peligrosa\u201d.<\/p>\n\n\n\n<p>Los responsables volvieron a insistir con vehemencia en que contin\u00faa vigente la prohibici\u00f3n de circular con veh\u00edculos por las calles y explicaron que hay decenas de autom\u00f3viles abandonados y apilados que est\u00e1n entorpeciendo las labores de rescate.<\/p>\n","protected":false},"excerpt":{"rendered":"<p>martes, 27 de diciembre de 2022 Nueva York solicit\u00f3 la declaratoria de zona catastr\u00f3fica para&#8230;<\/p>\n","protected":false},"author":3,"featured_media":54585,"comment_status":"closed","ping_status":"closed","sticky":false,"template":"","format":"standard","meta":{"footnotes":""},"categories":[5],"tags":[],"class_list":["post-54584","post","type-post","status-publish","format-standard","has-post-thumbnail","hentry","category-internacional"],"_links":{"self":[{"href":"https:\/\/bambapolitica.com.mx\/index.php\/wp-json\/wp\/v2\/posts\/54584","targetHints":{"allow":["GET"]}}],"collection":[{"href":"https:\/\/bambapolitica.com.mx\/index.php\/wp-json\/wp\/v2\/posts"}],"about":[{"href":"https:\/\/bambapolitica.com.mx\/index.php\/wp-json\/wp\/v2\/types\/post"}],"author":[{"embeddable":true,"href":"https:\/\/bambapolitica.com.mx\/index.php\/wp-json\/wp\/v2\/users\/3"}],"replies":[{"embeddable":true,"href":"https:\/\/bambapolitica.com.mx\/index.php\/wp-json\/wp\/v2\/comments?post=54584"}],"version-history":[{"count":1,"href":"https:\/\/bambapolitica.com.mx\/index.php\/wp-json\/wp\/v2\/posts\/54584\/revisions"}],"predecessor-version":[{"id":54586,"href":"https:\/\/bambapolitica.com.mx\/index.php\/wp-json\/wp\/v2\/posts\/54584\/revisions\/54586"}],"wp:featuredmedia":[{"embeddable":true,"href":"https:\/\/bambapolitica.com.mx\/index.php\/wp-json\/wp\/v2\/media\/54585"}],"wp:attachment":[{"href":"https:\/\/bambapolitica.com.mx\/index.php\/wp-json\/wp\/v2\/media?parent=54584"}],"wp:term":[{"taxonomy":"category","embeddable":true,"href":"https:\/\/bambapolitica.com.mx\/index.php\/wp-json\/wp\/v2\/categories?post=54584"},{"taxonomy":"post_tag","embeddable":true,"href":"https:\/\/bambapolitica.com.mx\/index.php\/wp-json\/wp\/v2\/tags?post=54584"}],"curies":[{"name":"wp","href":"https:\/\/api.w.org\/{rel}","templated":true}]}}