{"id":54593,"date":"2022-12-27T11:29:08","date_gmt":"2022-12-27T17:29:08","guid":{"rendered":"http:\/\/bambapolitica.com.mx\/?p=54593"},"modified":"2022-12-27T11:29:09","modified_gmt":"2022-12-27T17:29:09","slug":"america-despide-el-2022-con-el-titulo-mundial-argentino-y-el-temor-por-pele","status":"publish","type":"post","link":"https:\/\/bambapolitica.com.mx\/index.php\/2022\/12\/27\/america-despide-el-2022-con-el-titulo-mundial-argentino-y-el-temor-por-pele\/","title":{"rendered":"Am\u00e9rica despide el 2022 con el t\u00edtulo mundial argentino y el temor por Pel\u00e9"},"content":{"rendered":"\n<p>martes, 27 de diciembre de 2022<\/p>\n\n\n\n<p>La Copa del Mundo ganada por la selecci\u00f3n de Argentina en el Mundial de Qatar y la preocupaci\u00f3n por la salud de Pel\u00e9, son dos de los hechos m\u00e1s importantes que deja el 2022 en Am\u00e9rica en materia deportiva, a cuatro d\u00edas de terminar el a\u00f1o. 36 A\u00d1OS DESPU\u00c9S, ARGENTINA CAMPE\u00d3N DEL MUNDO La \u2018Scaloneta\u2018<\/p>\n\n\n\n<p>La Copa del Mundo ganada por la selecci\u00f3n de Argentina en el Mundial de Qatar y la preocupaci\u00f3n por la salud de Pel\u00e9, son dos de los hechos m\u00e1s importantes que deja el 2022 en Am\u00e9rica en materia deportiva, a cuatro d\u00edas de terminar el a\u00f1o. 36 A\u00d1OS DESPU\u00c9S, ARGENTINA CAMPE\u00d3N DEL MUNDO La \u2018Scaloneta\u2018 \u2026 Continued<\/p>\n\n\n\n<p>DICIEMBRE 27, 2022<br>La Copa del Mundo ganada por la selecci\u00f3n de Argentina en el Mundial de Qatar y la preocupaci\u00f3n por la salud de Pel\u00e9, son dos de los hechos m\u00e1s importantes que deja el 2022 en Am\u00e9rica en materia deportiva, a cuatro d\u00edas de terminar el a\u00f1o.<\/p>\n\n\n\n<p>36 A\u00d1OS DESPU\u00c9S, ARGENTINA CAMPE\u00d3N DEL MUNDO<\/p>\n\n\n\n<p>La \u2018Scaloneta\u2018 anduvo sin fallas mec\u00e1nicas y el pasado 18 de diciembre Argentina gan\u00f3, en el estadio de Lusail, su tercera estrella como campeona del mundo tras imponerse 4-2 a Francia en la tanda de penaltis de la final de Qatar 2022, que finaliz\u00f3 con empate 3-3.<\/p>\n\n\n\n<p>El \u2018Dibu\u2018 Mart\u00ednez, al detener un penalti a Coman, y Montiel, al meter el tiro decisivo, fueron los h\u00e9roes de la Albiceleste en la tanda de penas m\u00e1ximas para que el mundo del f\u00fatbol por fin pudiera ver a Lionel Messi alzar la Copa de la FIFA y para que se desatara un carnaval en las calles del pa\u00eds sudamericano que termin\u00f3 dos d\u00edas despu\u00e9s con el multitudinario recibimiento a los campeones.<\/p>\n\n\n\n<p>PEL\u00c9, LA ESTRELLA QUE NADIE QUIERE QUE SE APAGUE<\/p>\n\n\n\n<p>El astro brasile\u00f1o Edson Arantes do Nascimento \u2018Pel\u00e9\u2018, hospitalizado desde hace casi un mes en Sao Paulo, mantiene en vilo al mundo del f\u00fatbol ya que recibe cuidados relacionados con \u201cdisfunciones renales y card\u00edacas\u201d, informaron el pasado 21 de diciembre sus m\u00e9dicos.<br>Pel\u00e9, en tratamiento por un c\u00e1ncer de colon, \u201cpresenta una progresi\u00f3n de la enfermedad oncol\u00f3gica\u201d, se\u00f1al\u00f3 el Hospital Albert Einstein, donde est\u00e1 ingresado desde el pasado 29 de noviembre y al que ha llegado a acompa\u00f1arlo toda su familia.<\/p>\n\n\n\n<p>LA CANARINHA FEMENINA CAMPEONA DE AM\u00c9RICA EN JULIO<\/p>\n\n\n\n<p>Un tanto de penalti de la delantera Debinha fue suficiente para que Brasil venciera por 0-1, el pasado 30 de julio, a una rocosa y luchadora Colombia y levantara as\u00ed su octavo t\u00edtulo de la Copa Am\u00e9rica Femenina en el estadio Alfonso L\u00f3pez de la ciudad colombiana de Bucaramanga.<\/p>\n\n\n\n<p>El imbatible equipo que dirigi\u00f3 la sueca Pia Sundhage termin\u00f3 el torneo con una racha de seis partidos ganados de igual cantidad disputados, en los que anot\u00f3 20 tantos y no recibi\u00f3 ninguno.<\/p>\n\n\n\n<p>LA LIBERTADORES Y LA SUDAMERICANA CON NUEVOS REYES<\/p>\n\n\n\n<p>El pasado 29 de octubre Flamengo gan\u00f3 en Guayaquil (Ecuador) la tercera Copa Libertadores de su historia al vencer en la final por 1-0 al Athletico Paranaense con un tanto del delantero Gabriel Barbosa \u2018Gabigol\u2019, que pas\u00f3 a ser el m\u00e1ximo goleador brasile\u00f1o en el torneo, igualado a 29 tantos con Luizao.<\/p>\n\n\n\n<p>El equipo carioca se uni\u00f3 as\u00ed al club de los tricampeones brasile\u00f1os, donde tambi\u00e9n est\u00e1n Sao Paulo, Palmeiras, Gremio y Santos, y al mismo tiempo priv\u00f3 al Paranaense de ganar su primera Libertadores, con lo que el equipo de Curitiba sum\u00f3 ya dos finales perdidas tras la de 2005.<\/p>\n\n\n\n<p>Asimismo, el primero de octubre Independiente del Valle gan\u00f3 la Copa Sudamericana 2022 al vencer en la final al Sao Paulo por 0-2 con goles de los argentinos Lautaro D\u00edaz y Lorenzo Faravelli en el Mario Alberto Kempes de C\u00f3rdoba y rompi\u00f3 as\u00ed el dominio brasile\u00f1o en los dos m\u00e1ximos torneos de clubes del continente.<\/p>\n\n\n\n<p>\u2018MANU\u2019 GIN\u00d3BILI AL SAL\u00d3N DE LA FAMA<\/p>\n\n\n\n<p>El basquetbolista argentino \u2018Manu\u2019 Gin\u00f3bili, con un palmar\u00e9s sin parang\u00f3n forjado en la liga italiana, la selecci\u00f3n de su pa\u00eds y en la NBA, entr\u00f3 el pasado 10 de septiembre en el Olimpo de su deporte al ser incluido formalmente en el Sal\u00f3n de la Fama del Baloncesto de Naismith en Springfield (Massachusetts, EE.UU.).<\/p>\n\n\n\n<p>La ceremonia comenz\u00f3 con un homenaje a Bill Russell, el inolvidable p\u00edvot de los Boston Celtics que muri\u00f3 el pasado 31 de julio a los 88 a\u00f1os.<\/p>\n\n\n\n<p>2022, UN A\u00d1O DE TRISTES DESPEDIDAS<\/p>\n\n\n\n<p>El exfutbolista colombiano Freddy Rinc\u00f3n, que jug\u00f3 en equipos como Corinthians y Real Madrid, muri\u00f3 el 13 de abril a los 55 a\u00f1os de edad, tras sufrir un accidente de tr\u00e1fico en la ciudad de Cali.<\/p>\n\n\n\n<p>Rinc\u00f3n es recordado porque anot\u00f3 el gol con el que Colombia igual\u00f3 1-1 con Alemania en el Mundial de Italia 1990, empate con el que la selecci\u00f3n cafetera se clasific\u00f3 por primera vez a los octavos de final de un Mundial.<\/p>\n\n\n\n<p>Due\u00f1o de una t\u00e9cnica que lo hizo sobresalir, Rinc\u00f3n form\u00f3 parte de la selecci\u00f3n Colombia que fue a los mundiales de Italia 1990, Estados Unidos 1994 y, cuatro a\u00f1os m\u00e1s tarde, estuvo en Francia.<\/p>\n\n\n\n<p>Asimismo, el volante colombiano Andr\u00e9s Balanta, que jugaba en el Atl\u00e9tico Tucum\u00e1n argentino desde el pasado junio, falleci\u00f3 el 29 de noviembre tras desplomarse en pleno entrenamiento.<\/p>\n\n\n\n<p>El futbolista de 22 a\u00f1os muri\u00f3 al llegar al hospital de San Miguel de Tucum\u00e1n, despu\u00e9s de que las maniobras de reanimaci\u00f3n y los trabajos con desfibrilador durante m\u00e1s de 40 minutos no dieran resultado.<\/p>\n\n\n\n<p>EL ADI\u00d3S DEPORTIVO DE SERENA WILLIAMS<\/p>\n\n\n\n<p>La estadounidense Serena Williams se despidi\u00f3 del tenis el pasado 2 de septiembre luego de perder por 7-5, 6-7(4) y 6-1 ante la australiana Ajla Tomljanovic en la tercera ronda del Abierto de Estados Unidos.<\/p>\n\n\n\n<p>La estadounidense conquist\u00f3 73 trofeos en su carrera, entre ellos 23 \u2018grandes\u2019, con siete Wimbledon, siete Abiertos de Australia, seis Abiertos de Estados Unidos y tres Roland Garros.<\/p>\n","protected":false},"excerpt":{"rendered":"<p>martes, 27 de diciembre de 2022 La Copa del Mundo ganada por la selecci\u00f3n de&#8230;<\/p>\n","protected":false},"author":3,"featured_media":54594,"comment_status":"closed","ping_status":"closed","sticky":false,"template":"","format":"standard","meta":{"footnotes":""},"categories":[16],"tags":[],"class_list":["post-54593","post","type-post","status-publish","format-standard","has-post-thumbnail","hentry","category-deportes"],"_links":{"self":[{"href":"https:\/\/bambapolitica.com.mx\/index.php\/wp-json\/wp\/v2\/posts\/54593","targetHints":{"allow":["GET"]}}],"collection":[{"href":"https:\/\/bambapolitica.com.mx\/index.php\/wp-json\/wp\/v2\/posts"}],"about":[{"href":"https:\/\/bambapolitica.com.mx\/index.php\/wp-json\/wp\/v2\/types\/post"}],"author":[{"embeddable":true,"href":"https:\/\/bambapolitica.com.mx\/index.php\/wp-json\/wp\/v2\/users\/3"}],"replies":[{"embeddable":true,"href":"https:\/\/bambapolitica.com.mx\/index.php\/wp-json\/wp\/v2\/comments?post=54593"}],"version-history":[{"count":1,"href":"https:\/\/bambapolitica.com.mx\/index.php\/wp-json\/wp\/v2\/posts\/54593\/revisions"}],"predecessor-version":[{"id":54595,"href":"https:\/\/bambapolitica.com.mx\/index.php\/wp-json\/wp\/v2\/posts\/54593\/revisions\/54595"}],"wp:featuredmedia":[{"embeddable":true,"href":"https:\/\/bambapolitica.com.mx\/index.php\/wp-json\/wp\/v2\/media\/54594"}],"wp:attachment":[{"href":"https:\/\/bambapolitica.com.mx\/index.php\/wp-json\/wp\/v2\/media?parent=54593"}],"wp:term":[{"taxonomy":"category","embeddable":true,"href":"https:\/\/bambapolitica.com.mx\/index.php\/wp-json\/wp\/v2\/categories?post=54593"},{"taxonomy":"post_tag","embeddable":true,"href":"https:\/\/bambapolitica.com.mx\/index.php\/wp-json\/wp\/v2\/tags?post=54593"}],"curies":[{"name":"wp","href":"https:\/\/api.w.org\/{rel}","templated":true}]}}