{"id":54596,"date":"2023-01-02T07:46:06","date_gmt":"2023-01-02T13:46:06","guid":{"rendered":"http:\/\/bambapolitica.com.mx\/?p=54596"},"modified":"2023-01-02T07:46:09","modified_gmt":"2023-01-02T13:46:09","slug":"columna-de-riva-palacio-sobre-delfina-gomez-no-incurre-en-violencia-politica-de-genero","status":"publish","type":"post","link":"https:\/\/bambapolitica.com.mx\/index.php\/2023\/01\/02\/columna-de-riva-palacio-sobre-delfina-gomez-no-incurre-en-violencia-politica-de-genero\/","title":{"rendered":"Columna de Riva Palacio sobre Delfina G\u00f3mez no incurre en violencia pol\u00edtica de g\u00e9nero"},"content":{"rendered":"\n<p>lunes, 2 de enero de 2023<\/p>\n\n\n\n<p>El Tribunal Electoral determin\u00f3 que la columna sobre Delfina G\u00f3mez est\u00e1 respaldada por el derecho a la libertad de expresi\u00f3n.<\/p>\n\n\n\n<p><br>El Tribunal Electoral del Poder Judicial de la Federaci\u00f3n determin\u00f3 de manera preliminar que una columna de Raymundo Riva Palacio no incurre en violencia pol\u00edtica de g\u00e9nero en agravio de Delfina G\u00f3mez, aspirante a la candidatura a la gubernatura del Estado de M\u00e9xico por Morena.<\/p>\n\n\n\n<p>La Sala Superior consider\u00f3 que la columna denunciada no acredit\u00f3 los elementos necesarios para \u201cactualizar la infracci\u00f3n de violencia pol\u00edtica de g\u00e9nero\u201d, debido a que no se desprende que en la misma se haga referencia a la condici\u00f3n de mujer de G\u00f3mez \u00c1lvarez, no se detectaron comentarios basados en estereotipos de g\u00e9nero.<\/p>\n\n\n\n<p><br>El proyecto de resoluci\u00f3n se\u00f1ala que el material est\u00e1 respaldado por el derecho a la libertad de expresi\u00f3n y no ataca a la persona, sino su desempe\u00f1o como funcionaria.<\/p>\n\n\n\n<p>En la columna \u2018Una delincuente para el Edomex\u2019, el periodista Riva Palacio critic\u00f3 el desempe\u00f1o de Delfina G\u00f3mez al frente de la Secretar\u00eda de Educaci\u00f3n fue mediocre y que la morenista fue designada porque era la preferida del presidente Andr\u00e9s Manuel L\u00f3pez Obrador.<\/p>\n","protected":false},"excerpt":{"rendered":"<p>lunes, 2 de enero de 2023 El Tribunal Electoral determin\u00f3 que la columna sobre Delfina&#8230;<\/p>\n","protected":false},"author":3,"featured_media":54597,"comment_status":"closed","ping_status":"closed","sticky":false,"template":"","format":"standard","meta":{"footnotes":""},"categories":[4],"tags":[],"class_list":["post-54596","post","type-post","status-publish","format-standard","has-post-thumbnail","hentry","category-noticias-del-dia"],"_links":{"self":[{"href":"https:\/\/bambapolitica.com.mx\/index.php\/wp-json\/wp\/v2\/posts\/54596","targetHints":{"allow":["GET"]}}],"collection":[{"href":"https:\/\/bambapolitica.com.mx\/index.php\/wp-json\/wp\/v2\/posts"}],"about":[{"href":"https:\/\/bambapolitica.com.mx\/index.php\/wp-json\/wp\/v2\/types\/post"}],"author":[{"embeddable":true,"href":"https:\/\/bambapolitica.com.mx\/index.php\/wp-json\/wp\/v2\/users\/3"}],"replies":[{"embeddable":true,"href":"https:\/\/bambapolitica.com.mx\/index.php\/wp-json\/wp\/v2\/comments?post=54596"}],"version-history":[{"count":1,"href":"https:\/\/bambapolitica.com.mx\/index.php\/wp-json\/wp\/v2\/posts\/54596\/revisions"}],"predecessor-version":[{"id":54598,"href":"https:\/\/bambapolitica.com.mx\/index.php\/wp-json\/wp\/v2\/posts\/54596\/revisions\/54598"}],"wp:featuredmedia":[{"embeddable":true,"href":"https:\/\/bambapolitica.com.mx\/index.php\/wp-json\/wp\/v2\/media\/54597"}],"wp:attachment":[{"href":"https:\/\/bambapolitica.com.mx\/index.php\/wp-json\/wp\/v2\/media?parent=54596"}],"wp:term":[{"taxonomy":"category","embeddable":true,"href":"https:\/\/bambapolitica.com.mx\/index.php\/wp-json\/wp\/v2\/categories?post=54596"},{"taxonomy":"post_tag","embeddable":true,"href":"https:\/\/bambapolitica.com.mx\/index.php\/wp-json\/wp\/v2\/tags?post=54596"}],"curies":[{"name":"wp","href":"https:\/\/api.w.org\/{rel}","templated":true}]}}