{"id":55971,"date":"2023-02-01T09:15:56","date_gmt":"2023-02-01T15:15:56","guid":{"rendered":"http:\/\/bambapolitica.com.mx\/?p=55971"},"modified":"2023-02-01T09:15:57","modified_gmt":"2023-02-01T15:15:57","slug":"sujeto-asesina-a-su-pareja-y-a-su-suegra-en-mp-de-poncitlan-jalisco","status":"publish","type":"post","link":"https:\/\/bambapolitica.com.mx\/index.php\/2023\/02\/01\/sujeto-asesina-a-su-pareja-y-a-su-suegra-en-mp-de-poncitlan-jalisco\/","title":{"rendered":"Sujeto asesina a su pareja y a su suegra en MP de Poncitl\u00e1n, Jalisco"},"content":{"rendered":"\n<p>Mi\u00e9rcoles , 1 Febrero de 2023<\/p>\n\n\n\n<p>Al momento de la agresi\u00f3n en la agencia del Ministerio P\u00fablico en Poncitl\u00e1n, Jalisco, solo hab\u00eda personal administrativo<br>Este martes un sujeto asesin\u00f3 a su pareja y a su suegra al interior de la agencia del Ministerio P\u00fablico en Poncitl\u00e1n, Jalisco.<br>De acuerdo con reportes, ambas v\u00edctimas se presentaron al recinto, ubicado entre las calles de Cuauht\u00e9moc y Reforma, para interponer una denuncia por violencia intrafamiliar, pero el sujeto las alcanz\u00f3 y les dispar\u00f3 en las oficinas, frente a varios trabajadores del sitio.<br>Tras la agresi\u00f3n, el sujeto identificado como Christopher G. escap\u00f3 del sitio sin que nadie lo detuviera.<\/p>\n\n\n\n<p>El fiscal del estado, Luis Joaqu\u00edn M\u00e9ndez, inform\u00f3 que al momento de la agresi\u00f3n no hab\u00eda presente ning\u00fan polic\u00eda investigador en la agencia y solo hab\u00eda personal administrativo.<\/p>\n\n\n\n<p>Fuerzas federales y estatales aseguraron el sitio y se implementa un operativo en la ciudad para intentar dar con el responsable.<\/p>\n\n\n\n<p>La suegra del agresor, de 45 a\u00f1os de edad, muri\u00f3 en el sitio, mientras que la pareja, de 21 a\u00f1os, muri\u00f3 en un hospital de Ocotl\u00e1n cuando recib\u00eda atenci\u00f3n m\u00e9dica.<\/p>\n","protected":false},"excerpt":{"rendered":"<p>Mi\u00e9rcoles , 1 Febrero de 2023 Al momento de la agresi\u00f3n en la agencia del&#8230;<\/p>\n","protected":false},"author":3,"featured_media":55972,"comment_status":"closed","ping_status":"closed","sticky":false,"template":"","format":"standard","meta":{"footnotes":""},"categories":[2],"tags":[],"class_list":["post-55971","post","type-post","status-publish","format-standard","has-post-thumbnail","hentry","category-policiaca"],"_links":{"self":[{"href":"https:\/\/bambapolitica.com.mx\/index.php\/wp-json\/wp\/v2\/posts\/55971","targetHints":{"allow":["GET"]}}],"collection":[{"href":"https:\/\/bambapolitica.com.mx\/index.php\/wp-json\/wp\/v2\/posts"}],"about":[{"href":"https:\/\/bambapolitica.com.mx\/index.php\/wp-json\/wp\/v2\/types\/post"}],"author":[{"embeddable":true,"href":"https:\/\/bambapolitica.com.mx\/index.php\/wp-json\/wp\/v2\/users\/3"}],"replies":[{"embeddable":true,"href":"https:\/\/bambapolitica.com.mx\/index.php\/wp-json\/wp\/v2\/comments?post=55971"}],"version-history":[{"count":1,"href":"https:\/\/bambapolitica.com.mx\/index.php\/wp-json\/wp\/v2\/posts\/55971\/revisions"}],"predecessor-version":[{"id":55973,"href":"https:\/\/bambapolitica.com.mx\/index.php\/wp-json\/wp\/v2\/posts\/55971\/revisions\/55973"}],"wp:featuredmedia":[{"embeddable":true,"href":"https:\/\/bambapolitica.com.mx\/index.php\/wp-json\/wp\/v2\/media\/55972"}],"wp:attachment":[{"href":"https:\/\/bambapolitica.com.mx\/index.php\/wp-json\/wp\/v2\/media?parent=55971"}],"wp:term":[{"taxonomy":"category","embeddable":true,"href":"https:\/\/bambapolitica.com.mx\/index.php\/wp-json\/wp\/v2\/categories?post=55971"},{"taxonomy":"post_tag","embeddable":true,"href":"https:\/\/bambapolitica.com.mx\/index.php\/wp-json\/wp\/v2\/tags?post=55971"}],"curies":[{"name":"wp","href":"https:\/\/api.w.org\/{rel}","templated":true}]}}