{"id":55974,"date":"2023-02-01T09:20:32","date_gmt":"2023-02-01T15:20:32","guid":{"rendered":"http:\/\/bambapolitica.com.mx\/?p=55974"},"modified":"2023-02-01T09:20:33","modified_gmt":"2023-02-01T15:20:33","slug":"en-ecatepec-detienen-a-hombre-que-golpeo-a-su-abuelita-con-un-tubo","status":"publish","type":"post","link":"https:\/\/bambapolitica.com.mx\/index.php\/2023\/02\/01\/en-ecatepec-detienen-a-hombre-que-golpeo-a-su-abuelita-con-un-tubo\/","title":{"rendered":"En Ecatepec, detienen a hombre que golpe\u00f3 a su abuelita con un tubo"},"content":{"rendered":"\n<p>Mi\u00e9rcoles , 1 Febrero de 2023<\/p>\n\n\n\n<p>La mujer de 85 a\u00f1os, identificada como Bertha, se encuentra estable y fue dada de alta del hospital.<br>Elementos de la Direcci\u00f3n de Seguridad P\u00fablica y Tr\u00e1nsito del municipio de Ecatepec, Estado de M\u00e9xico, detuvieron a Jes\u00fas Antonio \u2018N\u2019, de 18 a\u00f1os de edad, luego de que presuntamente golpeara a su abuelita, identificada como Bertha, con un palo en la cabeza.<\/p>\n\n\n\n<p>De acuerdo con el presidente municipal de Ecatepec, Fernando Vilchis, indic\u00f3 que la se\u00f1ora Bertha, de 85 a\u00f1os de edad, ser\u00e1 acompa\u00f1ada y asesorada por el Instituto Municipal de Mujeres e Igualdad de G\u00e9nero de la entidad.<\/p>\n\n\n\n<p>Los primeros reportes detallaron que la agresi\u00f3n contra la se\u00f1ora Bertha tuvo lugar en el domicilio marcado con el n\u00famero 33 de la calle Manuel Medina Gardu\u00f1o, colonia Granjas Valle Guadalupe. Ah\u00ed, Jes\u00fas Antonio \u2018N\u2019 fue detenido en posesi\u00f3n de un arma blanca, con la que presuntamente habr\u00eda golpeado a la v\u00edctima.<br>Se\u00f1ora Bertha es dada de alta<\/p>\n\n\n\n<p>Luego de que se diera a conocer el video de la agresi\u00f3n y se efectuara la detenci\u00f3n de Jes\u00fas Antonio \u2018N\u2019, Bertha recibi\u00f3 el protocolo de atenci\u00f3n m\u00e9dica en el Hospital General de Zona 76, ubicado en el oriente del Estado de M\u00e9xico.<\/p>\n\n\n\n<p>El Instituto Mexicano del Seguro Social (IMSS) detall\u00f3 que la paciente de la tercera edad ya fue dada de alta, pues se encuentra estable y con pron\u00f3stico favorable tras la valoraci\u00f3n del Hospital de Traumatolog\u00eda y Ortopedia, ubicado en la alcald\u00eda Magdalena Contreras.<br>El 30 de enero, los m\u00e9dicos que atendieron a la adulta mayor tras la agresi\u00f3n de la que fue v\u00edctima determinaron que las lesiones no pon\u00edan en riesgo su vida; sin embargo, fue llevada a la Unidad M\u00e9dica de Alta Especialidad (UMAE), donde se le realiz\u00f3 la primera valoraci\u00f3n detallada.<\/p>\n\n\n\n<p>\u201cAl finalizar la valoraci\u00f3n integral con los auxiliares diagn\u00f3sticos requeridos, se determin\u00f3 referirla al Tercer Nivel de Atenci\u00f3n para continuar su manejo. La paciente lleg\u00f3 a la UMAE, Hospital de Traumatolog\u00eda y Ortopedia (\u2026) para recibir atenci\u00f3n m\u00e9dica debido a un traumatismo por contusi\u00f3n\u201d.<br>Finalmente, la dependencia destac\u00f3 que la se\u00f1ora Bertha fue avaluada por diversos especialistas, quienes determinaron que se encuentra estable y con pron\u00f3stico favorable pese a sus lesiones.<\/p>\n","protected":false},"excerpt":{"rendered":"<p>Mi\u00e9rcoles , 1 Febrero de 2023 La mujer de 85 a\u00f1os, identificada como Bertha, se&#8230;<\/p>\n","protected":false},"author":3,"featured_media":55975,"comment_status":"closed","ping_status":"closed","sticky":false,"template":"","format":"standard","meta":{"footnotes":""},"categories":[2],"tags":[],"class_list":["post-55974","post","type-post","status-publish","format-standard","has-post-thumbnail","hentry","category-policiaca"],"_links":{"self":[{"href":"https:\/\/bambapolitica.com.mx\/index.php\/wp-json\/wp\/v2\/posts\/55974","targetHints":{"allow":["GET"]}}],"collection":[{"href":"https:\/\/bambapolitica.com.mx\/index.php\/wp-json\/wp\/v2\/posts"}],"about":[{"href":"https:\/\/bambapolitica.com.mx\/index.php\/wp-json\/wp\/v2\/types\/post"}],"author":[{"embeddable":true,"href":"https:\/\/bambapolitica.com.mx\/index.php\/wp-json\/wp\/v2\/users\/3"}],"replies":[{"embeddable":true,"href":"https:\/\/bambapolitica.com.mx\/index.php\/wp-json\/wp\/v2\/comments?post=55974"}],"version-history":[{"count":1,"href":"https:\/\/bambapolitica.com.mx\/index.php\/wp-json\/wp\/v2\/posts\/55974\/revisions"}],"predecessor-version":[{"id":55976,"href":"https:\/\/bambapolitica.com.mx\/index.php\/wp-json\/wp\/v2\/posts\/55974\/revisions\/55976"}],"wp:featuredmedia":[{"embeddable":true,"href":"https:\/\/bambapolitica.com.mx\/index.php\/wp-json\/wp\/v2\/media\/55975"}],"wp:attachment":[{"href":"https:\/\/bambapolitica.com.mx\/index.php\/wp-json\/wp\/v2\/media?parent=55974"}],"wp:term":[{"taxonomy":"category","embeddable":true,"href":"https:\/\/bambapolitica.com.mx\/index.php\/wp-json\/wp\/v2\/categories?post=55974"},{"taxonomy":"post_tag","embeddable":true,"href":"https:\/\/bambapolitica.com.mx\/index.php\/wp-json\/wp\/v2\/tags?post=55974"}],"curies":[{"name":"wp","href":"https:\/\/api.w.org\/{rel}","templated":true}]}}