{"id":55980,"date":"2023-02-01T09:31:12","date_gmt":"2023-02-01T15:31:12","guid":{"rendered":"http:\/\/bambapolitica.com.mx\/?p=55980"},"modified":"2023-02-01T09:31:13","modified_gmt":"2023-02-01T15:31:13","slug":"hombre-secuestra-unidad-de-transporte-publico-con-pasajeros-dentro-en-zapopan","status":"publish","type":"post","link":"https:\/\/bambapolitica.com.mx\/index.php\/2023\/02\/01\/hombre-secuestra-unidad-de-transporte-publico-con-pasajeros-dentro-en-zapopan\/","title":{"rendered":"Hombre secuestra unidad de transporte p\u00fablico con pasajeros dentro en Zapopan"},"content":{"rendered":"\n<p>Miercoles , 1 Febrero de 2023<\/p>\n\n\n\n<p>El sujeto hab\u00eda sido se\u00f1alado de robar una tienda de conveniencia momentos antes.<br>Un hombre armado secuestr\u00f3 un cami\u00f3n en Zapopan por algunos minutos luego de que intentara escapar en el mismo, ya que momentos antes hab\u00eda asaltado una tienda de autoservicio.<br>Lo anterior sucedi\u00f3 a unos metros de los arcos de Zapopan, en las afueras de la estaci\u00f3n de Zapopan Centro de la L\u00ednea 3 del Tren Ligero, donde el sujeto hab\u00eda asaltado una tienda Oxxo que se encuentra en el cruce de la avenida de las Am\u00e9ricas y la calle Javier Mina.<br>De acuerdo con la informaci\u00f3n preliminar, el hombre rob\u00f3 en la tienda cerca de dos mil pesos en efectivo e intent\u00f3 darse a la fuga a bordo del cami\u00f3n con ruta 275 F, sin embargo, polic\u00edas de Zapopan merodeaban la zona, ya que hab\u00edan sido alertados del robo en la tienda Oxxo.<\/p>\n\n\n\n<p>Fue entonces que ciclopolic\u00edas vieron la ruta detenida y al sospechoso en el interior de esta, por lo que intervinieron de manera r\u00e1pida, y le ordenaron descender de la unidad.<\/p>\n\n\n\n<p>El hombre al verse acorralado decidi\u00f3 tomar como reh\u00e9n al chofer y los usuarios del transporte p\u00fablico, pero seg\u00fan los reportes policiales, los elementos de la ley lograron bajarlo y detenerlo sin que la situaci\u00f3n apsara a mayores.<\/p>\n\n\n\n<p>La polic\u00eda mont\u00f3 una estrategia para que el cami\u00f3n no avanzara y conseguir someter al ladr\u00f3n sin que nadie resultara herido.<\/p>\n\n\n\n<p>Seg\u00fan informaci\u00f3n extraoficial, el arma que el hombre utilizaba era de utiler\u00eda, y qued\u00f3 detenido.<\/p>\n","protected":false},"excerpt":{"rendered":"<p>Miercoles , 1 Febrero de 2023 El sujeto hab\u00eda sido se\u00f1alado de robar una tienda&#8230;<\/p>\n","protected":false},"author":3,"featured_media":55981,"comment_status":"closed","ping_status":"closed","sticky":false,"template":"","format":"standard","meta":{"footnotes":""},"categories":[2],"tags":[],"class_list":["post-55980","post","type-post","status-publish","format-standard","has-post-thumbnail","hentry","category-policiaca"],"_links":{"self":[{"href":"https:\/\/bambapolitica.com.mx\/index.php\/wp-json\/wp\/v2\/posts\/55980","targetHints":{"allow":["GET"]}}],"collection":[{"href":"https:\/\/bambapolitica.com.mx\/index.php\/wp-json\/wp\/v2\/posts"}],"about":[{"href":"https:\/\/bambapolitica.com.mx\/index.php\/wp-json\/wp\/v2\/types\/post"}],"author":[{"embeddable":true,"href":"https:\/\/bambapolitica.com.mx\/index.php\/wp-json\/wp\/v2\/users\/3"}],"replies":[{"embeddable":true,"href":"https:\/\/bambapolitica.com.mx\/index.php\/wp-json\/wp\/v2\/comments?post=55980"}],"version-history":[{"count":1,"href":"https:\/\/bambapolitica.com.mx\/index.php\/wp-json\/wp\/v2\/posts\/55980\/revisions"}],"predecessor-version":[{"id":55982,"href":"https:\/\/bambapolitica.com.mx\/index.php\/wp-json\/wp\/v2\/posts\/55980\/revisions\/55982"}],"wp:featuredmedia":[{"embeddable":true,"href":"https:\/\/bambapolitica.com.mx\/index.php\/wp-json\/wp\/v2\/media\/55981"}],"wp:attachment":[{"href":"https:\/\/bambapolitica.com.mx\/index.php\/wp-json\/wp\/v2\/media?parent=55980"}],"wp:term":[{"taxonomy":"category","embeddable":true,"href":"https:\/\/bambapolitica.com.mx\/index.php\/wp-json\/wp\/v2\/categories?post=55980"},{"taxonomy":"post_tag","embeddable":true,"href":"https:\/\/bambapolitica.com.mx\/index.php\/wp-json\/wp\/v2\/tags?post=55980"}],"curies":[{"name":"wp","href":"https:\/\/api.w.org\/{rel}","templated":true}]}}