{"id":55983,"date":"2023-02-01T09:33:53","date_gmt":"2023-02-01T15:33:53","guid":{"rendered":"http:\/\/bambapolitica.com.mx\/?p=55983"},"modified":"2023-02-01T09:33:54","modified_gmt":"2023-02-01T15:33:54","slug":"hombre-asesina-a-balazos-a-su-pareja-y-suegra-en-poncitlan-jalisco-esto-se-sabe-del-caso","status":"publish","type":"post","link":"https:\/\/bambapolitica.com.mx\/index.php\/2023\/02\/01\/hombre-asesina-a-balazos-a-su-pareja-y-suegra-en-poncitlan-jalisco-esto-se-sabe-del-caso\/","title":{"rendered":"Hombre asesina a balazos a su pareja y suegra en Poncitl\u00e1n, Jalisco: Esto se sabe del caso"},"content":{"rendered":"\n<p>Mi\u00e9rcoles , 1 Febrero de 2023<\/p>\n\n\n\n<p>Un hombre entr\u00f3 al Ministerio P\u00fablico de Poncitl\u00e1n, Jalisco y mat\u00f3 a su esposa y suegra a balazos.<br>Este martes se report\u00f3 una agresi\u00f3n a balazos al interior del Ministerio P\u00fablico (MP) en Poncitl\u00e1n, Jalisco, donde dej\u00f3 como saldo dos mujeres muertas, quienes eran madre e hija.<\/p>\n\n\n\n<p>Las mujeres se presentaron al MP del municipio para interponer una denuncia por violencia familiar. La m\u00e1s joven de las mujeres, ten\u00eda 21 a\u00f1os, iba con la intenci\u00f3n de que iniciara un proceso legal en contra de su pareja.<br>Sin embargo cuando su madre con una edad de entre 40 y 45 a\u00f1os y la hija entraron al MP, el hombre que ser\u00eda acusado lleg\u00f3 unos minutos despu\u00e9s y golpe\u00f3 a las autoridades para balacear a las mujeres.<\/p>\n\n\n\n<p>\u201cLas mujeres llegaron a la agencia del ministerio p\u00fablico como usuarios, su intenci\u00f3n era presentar una denuncia por violencia familiar en contra de la pareja de la mujer m\u00e1s joven\u201d, coment\u00f3 el Fiscal de Jalisco, Luis Joaqu\u00edn M\u00e9ndez Ruiz.<br>\u201cEl propio personal que es amagado por un sujeto con arma, y pr\u00e1cticamente por la informaci\u00f3n que dan, fue tan r\u00e1pida la agresi\u00f3n que no se le pudo neutralizar para evitar la agresi\u00f3n\u201d, dijo Luis Joaqu\u00edn M\u00e9ndez Ruiz.<br>La mujer de 45 a\u00f1os qued\u00f3 lesionada de gravedad al interior del Ministerio P\u00fablico, momentos despu\u00e9s muri\u00f3. Su hija, fue trasladada de gravedad a un hospital en Ocotl\u00e1n, Jalisco, sin embargo, horas despu\u00e9s tambi\u00e9n muri\u00f3.<\/p>\n\n\n\n<p>Tras la agresi\u00f3n, el hombre sali\u00f3 corriendo del lugar, supuestamente lleg\u00f3 en un carro que dej\u00f3 varado a mitad de la calle, seg\u00fan el fiscal ya est\u00e1 en investigaci\u00f3n.<\/p>\n\n\n\n<p>Las autoridades comentaron que tambi\u00e9n se encuentran investigando los posibles paraderos para dar con el asesino.<\/p>\n\n\n\n<p>El Fiscal del Estado coment\u00f3 que las oficinas regionales del MP son para recaudar carpetas de investigaci\u00f3n y hacerlas llegar a las \u00e1reas correspondientes, adem\u00e1s se\u00f1al\u00f3 que diferentes autoridades ya se encuentran revisando el caso.<\/p>\n\n\n\n<p>\u201cComo en el \u00c1rea Metropolitana tenemos agencias centralizadas y una de ellas es esta, donde la funci\u00f3n primaria es recaudar las denuncias y entregar las carpetas, la fiscal\u00eda estaba realizando lo propio en campo\u201d coment\u00f3.<br>Las autoridades contin\u00faan con la b\u00fasqueda del agresor, adem\u00e1s, los vecinos de la zona presumen que la pareja ten\u00eda dos hijos.<\/p>\n","protected":false},"excerpt":{"rendered":"<p>Mi\u00e9rcoles , 1 Febrero de 2023 Un hombre entr\u00f3 al Ministerio P\u00fablico de Poncitl\u00e1n, Jalisco&#8230;<\/p>\n","protected":false},"author":3,"featured_media":55984,"comment_status":"closed","ping_status":"closed","sticky":false,"template":"","format":"standard","meta":{"footnotes":""},"categories":[2],"tags":[],"class_list":["post-55983","post","type-post","status-publish","format-standard","has-post-thumbnail","hentry","category-policiaca"],"_links":{"self":[{"href":"https:\/\/bambapolitica.com.mx\/index.php\/wp-json\/wp\/v2\/posts\/55983","targetHints":{"allow":["GET"]}}],"collection":[{"href":"https:\/\/bambapolitica.com.mx\/index.php\/wp-json\/wp\/v2\/posts"}],"about":[{"href":"https:\/\/bambapolitica.com.mx\/index.php\/wp-json\/wp\/v2\/types\/post"}],"author":[{"embeddable":true,"href":"https:\/\/bambapolitica.com.mx\/index.php\/wp-json\/wp\/v2\/users\/3"}],"replies":[{"embeddable":true,"href":"https:\/\/bambapolitica.com.mx\/index.php\/wp-json\/wp\/v2\/comments?post=55983"}],"version-history":[{"count":1,"href":"https:\/\/bambapolitica.com.mx\/index.php\/wp-json\/wp\/v2\/posts\/55983\/revisions"}],"predecessor-version":[{"id":55985,"href":"https:\/\/bambapolitica.com.mx\/index.php\/wp-json\/wp\/v2\/posts\/55983\/revisions\/55985"}],"wp:featuredmedia":[{"embeddable":true,"href":"https:\/\/bambapolitica.com.mx\/index.php\/wp-json\/wp\/v2\/media\/55984"}],"wp:attachment":[{"href":"https:\/\/bambapolitica.com.mx\/index.php\/wp-json\/wp\/v2\/media?parent=55983"}],"wp:term":[{"taxonomy":"category","embeddable":true,"href":"https:\/\/bambapolitica.com.mx\/index.php\/wp-json\/wp\/v2\/categories?post=55983"},{"taxonomy":"post_tag","embeddable":true,"href":"https:\/\/bambapolitica.com.mx\/index.php\/wp-json\/wp\/v2\/tags?post=55983"}],"curies":[{"name":"wp","href":"https:\/\/api.w.org\/{rel}","templated":true}]}}