{"id":56079,"date":"2023-02-04T10:20:00","date_gmt":"2023-02-04T16:20:00","guid":{"rendered":"http:\/\/bambapolitica.com.mx\/?p=56079"},"modified":"2023-02-02T10:21:46","modified_gmt":"2023-02-02T16:21:46","slug":"sofia-viridiana-una-victima-de-tortura-sexual-en-mexico","status":"publish","type":"post","link":"https:\/\/bambapolitica.com.mx\/index.php\/2023\/02\/04\/sofia-viridiana-una-victima-de-tortura-sexual-en-mexico\/","title":{"rendered":"Sof\u00eda Viridiana, Una V\u00edctima de Tortura Sexual en M\u00e9xico"},"content":{"rendered":"\n<p>Sabado,4 Febrero de 2023<\/p>\n\n\n\n<p>La joven de 35 a\u00f1os se encuentra presa en Almoloya, donde pas\u00f3 12 a\u00f1os sin sentencia, hasta el 2022 cuando fue condenada a 40 a\u00f1os de prisi\u00f3n<br>En M\u00e9xico, la tortura sexual ha sido una pr\u00e1ctica com\u00fan de autoridades judiciales para privar a mujeres de su libertad. Aunque existen sentencias internacionales, poco se ha hecho para que las v\u00edctimas accedan a la justicia.<br>El 6 de abril de 2010, un grupo de sujetos detuvieron a Sof\u00eda Viridiana S\u00e1nchez Guerra, mientras transitaba en su autom\u00f3vil por calles de Cuautitl\u00e1n Izcalli, en el Estado de M\u00e9xic. Pens\u00f3 que la estaban secuestrando.<\/p>\n\n\n\n<p>Presa en el Centro de Reinserci\u00f3n Social Santiaguito, Almoloya de Ju\u00e1rez, en el Estado de M\u00e9xico, Sof\u00eda Viridiana S\u00e1nchez Guerra, de 35 a\u00f1os, narra su historia.<\/p>\n\n\n\n<p>Yo me encontraba a bordo de un veh\u00edculo camino hacia un banco, a depositar la renta de la casa donde yo habitaba. Me detienen exactamente en la Glorieta de Palomas. Yo iba acompa\u00f1ada en ese momento de una persona que era menor de edad, hija de una amiga m\u00eda, de 15 a\u00f1os<\/p>\n\n\n\n<p>&#8220;Me choca un veh\u00edculo por la parte trasera del veh\u00edculo que yo iba manejando, otro veh\u00edculo se me cierra en la parte de enfrente y se cierran dos m\u00e1s en los costados, descienden de esos veh\u00edculos puros hombres vestidos de civil. Todos los veh\u00edculos eran particulares, nadie ni nada ten\u00eda logotipo de alguna corporaci\u00f3n policiaca&#8221;, explica.<\/p>\n\n\n\n<p>Abren las puertas, bajan a la menor que ten\u00eda conmigo y a m\u00ed tambi\u00e9n por la fuerza, insult\u00e1ndonos y por la fuerza nos suben a dos veh\u00edculos distintos<\/p>\n\n\n\n<p>Antes de presentarla ante un ministerio p\u00fablico, los sujetos la encerraron en una bodega, donde ejercieron contra ella tortura sexual, intentaron ahogarla y le infringieron varias heridas en el cuerpo.<\/p>\n\n\n\n<p>&#8220;Todo el tiempo me dec\u00edan que me iban a violar, que uno de ellos ten\u00eda sida, que me iban a contagiar\u201d, menciona Sof\u00eda.<\/p>\n\n\n\n<p>Me amarran los pies por debajo de la banca y empiezan a tirarme agua, agua como a presi\u00f3n, con la cabeza colgando, el agua entraba a mi nariz, a mi boca, me pusieron un trapo en la boca por dentro y por fuera, me amordazaron, definitivamente me estaban asfixiando<\/p>\n\n\n\n<p>Durante la tortura, la cuestionaban sobre el paradero de su entonces pareja sentimental, pero el desconocer en d\u00f3nde se encontraba esa persona hizo que viviera ese suplicio.<\/p>\n\n\n\n<p>Me estaban tocando, obviamente todo el tiempo estuvieron toc\u00e1ndome, me daban pu\u00f1etazos en las costillas, cachetadas en la cara, en las piernas y continuaban con esta situaci\u00f3n de que les diera la informaci\u00f3n que yo no ten\u00eda<\/p>\n\n\n\n<p>Luego de 13 horas, agentes de la entonces Polic\u00eda Federal la obligaron a firmar, bajo amenazas, su participaci\u00f3n en el delito de secuestro y delincuencia organizada, pas\u00f3 12 a\u00f1os privada de su libertad, sin sentencia. En enero de 2022, fue condenada a 40 a\u00f1os de prisi\u00f3n.<\/p>\n\n\n\n<p>En 2017, la oficina del Alto Comisionado de las Naciones Unidas para los Derechos Humanos recomend\u00f3 al gobierno de M\u00e9xico investigar los delitos contra Sof\u00eda, as\u00ed como castigar a las personas responsables de lo ocurrido.<\/p>\n\n\n\n<p>Por su calidad de v\u00edctima directa de delitos, Sof\u00eda se encuentra inscrita en la Comisi\u00f3n Ejecutiva de Atenci\u00f3n a V\u00edctimas del Estado.<\/p>\n\n\n\n<p>Ocho de cada 10 mujeres privadas de su libertad en M\u00e9xico sufrieron violencia, incluyendo tortura sexual, en diferentes etapas de sus procesos judiciales.<\/p>\n\n\n\n<p>As\u00ed lo determin\u00f3 el &#8216;Primer Diagn\u00f3stico sobre Tortura Sexual Cometida contra Mujeres Privadas de su Libertad en M\u00e9xico&#8217;, elaborado por la Secretar\u00eda de Gobernaci\u00f3n, en cumplimiento de una sentencia ordenada por la Corte Interamericana de los Derechos Humanos, por el caso de 11 mujeres sobrevivientes de tortura sexual durante un operativo en San Salvador Atenco, en 2006.<br>Melissa Zamora, abogada en Centro Prodh indica que \u201cla tortura es una pr\u00e1ctica que ha estado presente en nuestro pa\u00eds desde hace muchos a\u00f1os, muestra c\u00f3mo hay deficiencias serias en las autoridades de procuraci\u00f3n de justicia, en las autoridades de seguridad p\u00fablica para hacer investigaciones efectivas&#8221;.<\/p>\n\n\n\n<p>Casos como el de Sof\u00eda, demuestran c\u00f3mo las autoridades criminalizan a las mujeres por presuntos delitos que cometieron personas cercanas a ellas, como sus parejas sentimentales.<\/p>\n\n\n\n<p>&#8220;En muchos de los casos que hemos documentado, las mujeres son relacionadas con la comisi\u00f3n del delito por su cercan\u00eda con alg\u00fan familiar o alguna circunstancia que las hac\u00eda cercanas al contexto de la comisi\u00f3n del delito y que cuando las autoridades no juzgan con perspectiva de g\u00e9nero, no analizan a profundidad los casos, simplemente se les atribuye una responsabilidad equivalente a la participaci\u00f3n de otras personas&#8221;, expresa Zamora.<\/p>\n\n\n\n<p>Por la tortura contra Sof\u00eda, nadie ha sido detenido y ella purga una pena de la que asegura ser inocente. &#8220;No tengo idea, definitivamente no tengo idea de por qu\u00e9 estoy aqu\u00ed&#8221;, asegura Sof\u00eda Viridiana.<\/p>\n","protected":false},"excerpt":{"rendered":"<p>Sabado,4 Febrero de 2023 La joven de 35 a\u00f1os se encuentra presa en Almoloya, donde&#8230;<\/p>\n","protected":false},"author":3,"featured_media":56080,"comment_status":"closed","ping_status":"closed","sticky":false,"template":"","format":"standard","meta":{"footnotes":""},"categories":[4],"tags":[],"class_list":["post-56079","post","type-post","status-publish","format-standard","has-post-thumbnail","hentry","category-noticias-del-dia"],"_links":{"self":[{"href":"https:\/\/bambapolitica.com.mx\/index.php\/wp-json\/wp\/v2\/posts\/56079","targetHints":{"allow":["GET"]}}],"collection":[{"href":"https:\/\/bambapolitica.com.mx\/index.php\/wp-json\/wp\/v2\/posts"}],"about":[{"href":"https:\/\/bambapolitica.com.mx\/index.php\/wp-json\/wp\/v2\/types\/post"}],"author":[{"embeddable":true,"href":"https:\/\/bambapolitica.com.mx\/index.php\/wp-json\/wp\/v2\/users\/3"}],"replies":[{"embeddable":true,"href":"https:\/\/bambapolitica.com.mx\/index.php\/wp-json\/wp\/v2\/comments?post=56079"}],"version-history":[{"count":1,"href":"https:\/\/bambapolitica.com.mx\/index.php\/wp-json\/wp\/v2\/posts\/56079\/revisions"}],"predecessor-version":[{"id":56081,"href":"https:\/\/bambapolitica.com.mx\/index.php\/wp-json\/wp\/v2\/posts\/56079\/revisions\/56081"}],"wp:featuredmedia":[{"embeddable":true,"href":"https:\/\/bambapolitica.com.mx\/index.php\/wp-json\/wp\/v2\/media\/56080"}],"wp:attachment":[{"href":"https:\/\/bambapolitica.com.mx\/index.php\/wp-json\/wp\/v2\/media?parent=56079"}],"wp:term":[{"taxonomy":"category","embeddable":true,"href":"https:\/\/bambapolitica.com.mx\/index.php\/wp-json\/wp\/v2\/categories?post=56079"},{"taxonomy":"post_tag","embeddable":true,"href":"https:\/\/bambapolitica.com.mx\/index.php\/wp-json\/wp\/v2\/tags?post=56079"}],"curies":[{"name":"wp","href":"https:\/\/api.w.org\/{rel}","templated":true}]}}