{"id":56088,"date":"2023-02-04T10:47:00","date_gmt":"2023-02-04T16:47:00","guid":{"rendered":"http:\/\/bambapolitica.com.mx\/?p=56088"},"modified":"2023-02-02T10:48:24","modified_gmt":"2023-02-02T16:48:24","slug":"metro-cdmx-pide-260-mpd-a-conductor-que-choco-en-linea-3-por-reparacion-de-danos","status":"publish","type":"post","link":"https:\/\/bambapolitica.com.mx\/index.php\/2023\/02\/04\/metro-cdmx-pide-260-mpd-a-conductor-que-choco-en-linea-3-por-reparacion-de-danos\/","title":{"rendered":"Metro CdMx pide 260 mpd a conductor que choc\u00f3 en L\u00ednea 3 por reparaci\u00f3n de da\u00f1os"},"content":{"rendered":"\n<p>Sabado,4 Febrero de 2023<\/p>\n\n\n\n<p>Como v\u00edctima del choque ocurrido en la L\u00ednea 3, el Metro solicit\u00f3 el pago de 260 millones de pesos al conductor del tren, como reparaci\u00f3n del da\u00f1o.<br>El Sistema de Transporte Colectivo (STC) Metro solicit\u00f3 al conductor que choc\u00f3 en la L\u00ednea 3 el pasado 7 de enero, 260 millones de pesos como reparaci\u00f3n del da\u00f1o. .<\/p>\n\n\n\n<p>En la audiencia inicial del conductor, identificado como Carlos Alfredo \u2018N\u2019, donde se le vincul\u00f3 a proceso por su probable responsabilidad en los delitos de homicidio y lesiones, ambos culposos, el Metro particip\u00f3 como una de las 19 v\u00edctimas del accidente.<br>\u201cY ahora resulta que el conductor tiene que pagar 260 millones de pesos al Sistema de Transporte Colectivo Metro, que es lo que est\u00e1 reclamando como reparaci\u00f3n del da\u00f1o\u201d, acus\u00f3 Cristopher Estupi\u00f1\u00e1n, asesor legal de Yaretzi Hern\u00e1ndez, \u00fanica v\u00edctima mortal del choque.<br>En tanto, el Sistema de Transporte Colectivo pidi\u00f3 cerca de 125 mil pesos, para cubrir la reparaci\u00f3n del da\u00f1o de las 18 personas heridas en el accidente, que han sido reconocidas por la Fiscal\u00eda General de Justicia de la Ciudad de M\u00e9xico (FGJCDMX).<\/p>\n\n\n\n<p>Edgar Fabi\u00e1n Hidalgo, representante legal de Carlos Alfredo &#8216;N&#8217;, explic\u00f3 que en la audiencia \u2013 que se realiz\u00f3 en las salas de oralidad del Poder Judicial de la Ciudad de M\u00e9xico &#8211; el Metro solicit\u00f3 la reparaci\u00f3n, por los da\u00f1os materiales que tuvo en el choque de la l\u00ednea tres.<\/p>\n\n\n\n<p>\u201cPorque el Metro, por medio de su representante legal est\u00e1 solicitando la reparaci\u00f3n del da\u00f1o, y al ser la reparaci\u00f3n del da\u00f1o, se le tiene que tomar en cuenta como una v\u00edctima, por ser un organismo que es independiente entre comillas del gobierno de la Ciudad de M\u00e9xico, y ese organismo al tener esos da\u00f1os, puede solicitar la reparaci\u00f3n del da\u00f1o, entonces es una v\u00edctima en este proceso, y es la v\u00edctima m\u00e1s cara, por cierto.<br>-\u00bf260 millones solo para el Metro?- se le cuestion\u00f3.<br>\u201cSolo para el Metro\u201d, respondi\u00f3.<br>\u201c120 como 120, 120 y cacho m\u00e1s para las v\u00edctimas que est\u00e1n hasta ahorita, que nada m\u00e1s son 19 aproximadamente\u201d, agreg\u00f3.<br>El abogado Fabi\u00e1n Hidalgo explic\u00f3, al salir de la audiencia, que la solicitud del Sistema de Transporte Colectivo Metro de reparaci\u00f3n del da\u00f1o tendr\u00e1 que ser definida por el poder judicial, hasta que haya una sentencia firme.<\/p>\n\n\n\n<p>\u201cBueno, es que tienen que hacer un c\u00e1lculo de la posible reparaci\u00f3n del da\u00f1o que s\u00ed se tiene que tener como contemplada, pero no es algo que ya se lo est\u00e9n exigiendo ni nada, pero eso es hasta una sentencia firme. Digamos, es el c\u00e1lculo que ellos realizan, realizan conforme a lo que les aporta el Metro, bueno el Sistema de Transporte Colectivo\u201d, detall\u00f3.<\/p>\n","protected":false},"excerpt":{"rendered":"<p>Sabado,4 Febrero de 2023 Como v\u00edctima del choque ocurrido en la L\u00ednea 3, el Metro&#8230;<\/p>\n","protected":false},"author":3,"featured_media":56089,"comment_status":"closed","ping_status":"closed","sticky":false,"template":"","format":"standard","meta":{"footnotes":""},"categories":[4],"tags":[],"class_list":["post-56088","post","type-post","status-publish","format-standard","has-post-thumbnail","hentry","category-noticias-del-dia"],"_links":{"self":[{"href":"https:\/\/bambapolitica.com.mx\/index.php\/wp-json\/wp\/v2\/posts\/56088","targetHints":{"allow":["GET"]}}],"collection":[{"href":"https:\/\/bambapolitica.com.mx\/index.php\/wp-json\/wp\/v2\/posts"}],"about":[{"href":"https:\/\/bambapolitica.com.mx\/index.php\/wp-json\/wp\/v2\/types\/post"}],"author":[{"embeddable":true,"href":"https:\/\/bambapolitica.com.mx\/index.php\/wp-json\/wp\/v2\/users\/3"}],"replies":[{"embeddable":true,"href":"https:\/\/bambapolitica.com.mx\/index.php\/wp-json\/wp\/v2\/comments?post=56088"}],"version-history":[{"count":1,"href":"https:\/\/bambapolitica.com.mx\/index.php\/wp-json\/wp\/v2\/posts\/56088\/revisions"}],"predecessor-version":[{"id":56090,"href":"https:\/\/bambapolitica.com.mx\/index.php\/wp-json\/wp\/v2\/posts\/56088\/revisions\/56090"}],"wp:featuredmedia":[{"embeddable":true,"href":"https:\/\/bambapolitica.com.mx\/index.php\/wp-json\/wp\/v2\/media\/56089"}],"wp:attachment":[{"href":"https:\/\/bambapolitica.com.mx\/index.php\/wp-json\/wp\/v2\/media?parent=56088"}],"wp:term":[{"taxonomy":"category","embeddable":true,"href":"https:\/\/bambapolitica.com.mx\/index.php\/wp-json\/wp\/v2\/categories?post=56088"},{"taxonomy":"post_tag","embeddable":true,"href":"https:\/\/bambapolitica.com.mx\/index.php\/wp-json\/wp\/v2\/tags?post=56088"}],"curies":[{"name":"wp","href":"https:\/\/api.w.org\/{rel}","templated":true}]}}