{"id":56094,"date":"2023-02-03T08:20:57","date_gmt":"2023-02-03T14:20:57","guid":{"rendered":"http:\/\/bambapolitica.com.mx\/?p=56094"},"modified":"2023-02-03T08:20:59","modified_gmt":"2023-02-03T14:20:59","slug":"estados-que-registran-mas-ataques-a-periodistas","status":"publish","type":"post","link":"https:\/\/bambapolitica.com.mx\/index.php\/2023\/02\/03\/estados-que-registran-mas-ataques-a-periodistas\/","title":{"rendered":"Estados que registran m\u00e1s ataques a periodistas"},"content":{"rendered":"\n<p>Viernes , 3 Febrero de 2023<\/p>\n\n\n\n<p>El panorama para los periodistas en M\u00e9xico resulta poco alentador ante las agresiones y violencia que se enfrentan, d\u00eda a d\u00eda, para realizar su trabajo.<\/p>\n\n\n\n<p><br>Desafortunadamente 2022 cerr\u00f3 como el a\u00f1o con m\u00e1s periodistas asesinados: 15, superando a 2017 con 12, de acuerdo con la organizaci\u00f3n Art\u00edculo 19.<\/p>\n\n\n\n<p><br>Incluso el balance de Reporteros Sin Fronteras, publicado a finales del a\u00f1o pasado, coloca a M\u00e9xico entre los pa\u00edses m\u00e1s peligrosos para ejercer el periodismo, pues 125 comunicadores han sido asesinados en dos d\u00e9cadas (2003-2022).<\/p>\n\n\n\n<p><br>A nuestro pa\u00eds le siguen Irak y Siria que suman 578 periodistas asesinados en los \u00faltimos 20 a\u00f1os; sin embargo, la diferencia con M\u00e9xico es que ambas naciones se encuentran en guerra y, pese a ello, M\u00e9xico concentra el 7 por ciento de todos los asesinatos de periodistas que ocurrieron en el mundo durante el lapso antes mencionado.<\/p>\n\n\n\n<p><br>Estados que registran m\u00e1s ataques contra comunicadores<\/p>\n\n\n\n<p><br>Veracruz es el estado que m\u00e1s ataques contra periodistas registra desde el a\u00f1o de 1986, con un total de 22, entre asesinatos y desapariciones, de acuerdo con un mapa realizado por Alianza de Medios MX.<br>Le siguen Oaxaca con 10, Michoac\u00e1n con 8, Guerrero y Chihuahua con 7, Sinaloa y Tamaulipas con 6, Sonora con 5, Baja California y Durango con 4, BCS, Coahuila y Zacatecas con 2, mientras San Luis Potos\u00ed y Guanajuato con 1.<\/p>\n\n\n\n<p><br>En 2022, 15 periodistas fueron asesinados:<br>Fredid Rom\u00e1n (Guerrero)<br>Juan Arj\u00f3n (Sonora)<br>Ernesto M\u00e9ndez (Guanajuato)<br>Antonio de la Cruz (Tamaulipas)<br>Yesenia Mollinedo y Johana Garc\u00eda (Veracruz)<br>Luis Enrique Ram\u00edrez (Sinaloa)<br>Armando Linares (Michoac\u00e1n)<br>Juan Carlos Mu\u00f1iz (Zacatecas)<br>Jorge Camero Zazueta (Sonora)<br>Heber L\u00f3pez Cruz (Oaxaca)<br>Roberto Toledo (Michoac\u00e1n)<br>Lourdes Maldonado (Baja California)<br>Margarito Mart\u00ednez (Baja California)<br>Jos\u00e9 Luis Gamboa (Veracruz)<\/p>\n","protected":false},"excerpt":{"rendered":"<p>Viernes , 3 Febrero de 2023 El panorama para los periodistas en M\u00e9xico resulta poco&#8230;<\/p>\n","protected":false},"author":3,"featured_media":56095,"comment_status":"closed","ping_status":"closed","sticky":false,"template":"","format":"standard","meta":{"footnotes":""},"categories":[4],"tags":[],"class_list":["post-56094","post","type-post","status-publish","format-standard","has-post-thumbnail","hentry","category-noticias-del-dia"],"_links":{"self":[{"href":"https:\/\/bambapolitica.com.mx\/index.php\/wp-json\/wp\/v2\/posts\/56094","targetHints":{"allow":["GET"]}}],"collection":[{"href":"https:\/\/bambapolitica.com.mx\/index.php\/wp-json\/wp\/v2\/posts"}],"about":[{"href":"https:\/\/bambapolitica.com.mx\/index.php\/wp-json\/wp\/v2\/types\/post"}],"author":[{"embeddable":true,"href":"https:\/\/bambapolitica.com.mx\/index.php\/wp-json\/wp\/v2\/users\/3"}],"replies":[{"embeddable":true,"href":"https:\/\/bambapolitica.com.mx\/index.php\/wp-json\/wp\/v2\/comments?post=56094"}],"version-history":[{"count":1,"href":"https:\/\/bambapolitica.com.mx\/index.php\/wp-json\/wp\/v2\/posts\/56094\/revisions"}],"predecessor-version":[{"id":56096,"href":"https:\/\/bambapolitica.com.mx\/index.php\/wp-json\/wp\/v2\/posts\/56094\/revisions\/56096"}],"wp:featuredmedia":[{"embeddable":true,"href":"https:\/\/bambapolitica.com.mx\/index.php\/wp-json\/wp\/v2\/media\/56095"}],"wp:attachment":[{"href":"https:\/\/bambapolitica.com.mx\/index.php\/wp-json\/wp\/v2\/media?parent=56094"}],"wp:term":[{"taxonomy":"category","embeddable":true,"href":"https:\/\/bambapolitica.com.mx\/index.php\/wp-json\/wp\/v2\/categories?post=56094"},{"taxonomy":"post_tag","embeddable":true,"href":"https:\/\/bambapolitica.com.mx\/index.php\/wp-json\/wp\/v2\/tags?post=56094"}],"curies":[{"name":"wp","href":"https:\/\/api.w.org\/{rel}","templated":true}]}}