{"id":56097,"date":"2023-02-03T08:21:50","date_gmt":"2023-02-03T14:21:50","guid":{"rendered":"http:\/\/bambapolitica.com.mx\/?p=56097"},"modified":"2023-02-03T08:21:52","modified_gmt":"2023-02-03T14:21:52","slug":"las-corcholatas-hacen-tregua-y-la-oposicion-avanza","status":"publish","type":"post","link":"https:\/\/bambapolitica.com.mx\/index.php\/2023\/02\/03\/las-corcholatas-hacen-tregua-y-la-oposicion-avanza\/","title":{"rendered":"Las Corcholatas hacen tregua y la oposici\u00f3n avanza"},"content":{"rendered":"\n<p>Viernes , 3 Febrero de 2023<\/p>\n\n\n\n<p>Una vez realizadas las pasarelas en las c\u00e1maras de diputados y de senadores, las Corcholatas del Presidente Andr\u00e9s Manuel L\u00f3pez Obrador, de una manera por dem\u00e1s sensata, anunciaron una tregua y se pronunciaron por buscar la unidad del proceso sucesorio en el tiempo que resta para la celebraci\u00f3n de la encuesta que definir\u00e1 al candidato presidencial de Morena, que seg\u00fan Mario Delgado, podr\u00eda llevarse a cabo a mediados del a\u00f1o.<\/p>\n\n\n\n<p><br>Las Corcholatas m\u00e1s activas siguen siendo Claudia Shueinbaum y Ricardo Monreal.<br>Con mayor cautela se mueven Marcelo Ebrard y Ad\u00e1n Augusto L\u00f3pez Hern\u00e1ndez.<br>Las encuestas publicadas hasta ahora tienen un marcado sesgo de favoritismo.<br>En lo general coinciden en sus resultados en que los (las) m\u00e1s populares son Claudia Shueinbaum y Marcelo Ebrard.<\/p>\n\n\n\n<p><br>Morena sigue siendo una fuerza pol\u00edtica preeminente sobre una oposici\u00f3n que apenas est\u00e1 formando una Alianza entre PRI, PAN y su invitado testimonial el PRD.<\/p>\n\n\n\n<p><br>No habr\u00e1 m\u00e1s competidores. Morena y sus aliados PT y Partido Verde en busca de la Silla del \u00c1guila, compitiendo con la Alianza por M\u00e9xico conformada por los mencionados PRI, PAN y PRD.<br>En el PRI los precandidatos reales son Beatriz Paredes y Alejandro Moreno. Sin embargo nadie desestima la germ\u00e1nica reaparici\u00f3n de Manlio Fabio Beltrones y los recorridos que realiza Alejandro Murat.<br>En el PAN son precandidatos mencionados por su dirigencia nacional el propio l\u00edder Marko Cort\u00e9s, acompa\u00f1ado de los gobernadores de Quer\u00e9taro Mauricio Kuri y de Yucat\u00e1n Mauricio Vila.<br>Pero en las filas azules igualmente se manejan los nombres del diputado Santiago Creel y el exgobernador tamaulipeco Francis Garc\u00eda Cabeza de Vaca.<\/p>\n\n\n\n<p><br>Y hasta el PRD tiene figuras para competir por la presidencia. El l\u00edder perredista, Jes\u00fas Zambrano, &#8220;destap\u00f3&#8221; al exgobernador michoacano Silvano Aureoles y al senador Miguel \u00c1ngel Mancera.<br>El experimento de Dante Delgado con su &#8220;Colectivo&#8221; s\u00f3lo tuvo vida hasta que el Ingeniero C\u00e1rdenas se deslind\u00f3 del grupo.<\/p>\n\n\n\n<p><br>Se mover\u00e1 el escenario de esta sucesi\u00f3n adelantada una vez terminada, cuando mucho en Marzo, entre las Corcholatas de Morena.<\/p>\n\n\n\n<p><br>Y en la oposici\u00f3n se concluya la negociaci\u00f3n entre PRI y PAN para medir qui\u00e9n tiene mayor registro de popularidad entre las figuras que han placeado las dirigencias de esas organizaciones pol\u00edticas.<br>Estamos pues pr\u00e1cticamente en la v\u00edspera de que se inicie el Handicap Presidencial del que surgir\u00e1 el nuevo Tlatoani que ocupe la mencionada Silla del \u00c1guila.<\/p>\n","protected":false},"excerpt":{"rendered":"<p>Viernes , 3 Febrero de 2023 Una vez realizadas las pasarelas en las c\u00e1maras de&#8230;<\/p>\n","protected":false},"author":3,"featured_media":56098,"comment_status":"closed","ping_status":"closed","sticky":false,"template":"","format":"standard","meta":{"footnotes":""},"categories":[4],"tags":[],"class_list":["post-56097","post","type-post","status-publish","format-standard","has-post-thumbnail","hentry","category-noticias-del-dia"],"_links":{"self":[{"href":"https:\/\/bambapolitica.com.mx\/index.php\/wp-json\/wp\/v2\/posts\/56097","targetHints":{"allow":["GET"]}}],"collection":[{"href":"https:\/\/bambapolitica.com.mx\/index.php\/wp-json\/wp\/v2\/posts"}],"about":[{"href":"https:\/\/bambapolitica.com.mx\/index.php\/wp-json\/wp\/v2\/types\/post"}],"author":[{"embeddable":true,"href":"https:\/\/bambapolitica.com.mx\/index.php\/wp-json\/wp\/v2\/users\/3"}],"replies":[{"embeddable":true,"href":"https:\/\/bambapolitica.com.mx\/index.php\/wp-json\/wp\/v2\/comments?post=56097"}],"version-history":[{"count":1,"href":"https:\/\/bambapolitica.com.mx\/index.php\/wp-json\/wp\/v2\/posts\/56097\/revisions"}],"predecessor-version":[{"id":56099,"href":"https:\/\/bambapolitica.com.mx\/index.php\/wp-json\/wp\/v2\/posts\/56097\/revisions\/56099"}],"wp:featuredmedia":[{"embeddable":true,"href":"https:\/\/bambapolitica.com.mx\/index.php\/wp-json\/wp\/v2\/media\/56098"}],"wp:attachment":[{"href":"https:\/\/bambapolitica.com.mx\/index.php\/wp-json\/wp\/v2\/media?parent=56097"}],"wp:term":[{"taxonomy":"category","embeddable":true,"href":"https:\/\/bambapolitica.com.mx\/index.php\/wp-json\/wp\/v2\/categories?post=56097"},{"taxonomy":"post_tag","embeddable":true,"href":"https:\/\/bambapolitica.com.mx\/index.php\/wp-json\/wp\/v2\/tags?post=56097"}],"curies":[{"name":"wp","href":"https:\/\/api.w.org\/{rel}","templated":true}]}}