{"id":56109,"date":"2023-02-03T08:33:12","date_gmt":"2023-02-03T14:33:12","guid":{"rendered":"http:\/\/bambapolitica.com.mx\/?p=56109"},"modified":"2023-02-03T08:33:14","modified_gmt":"2023-02-03T14:33:14","slug":"nodriza-cargada-de-motocicletas-nuevas-queda-volcada-en-cumbres-de-maltrata","status":"publish","type":"post","link":"https:\/\/bambapolitica.com.mx\/index.php\/2023\/02\/03\/nodriza-cargada-de-motocicletas-nuevas-queda-volcada-en-cumbres-de-maltrata\/","title":{"rendered":"Nodriza cargada de motocicletas nuevas queda volcada en Cumbres de Maltrata"},"content":{"rendered":"\n<p>Viernes , 3 Febrero de 2023<\/p>\n\n\n\n<p>El conductor de la unidad fue revisado por el personal de las Carreteras de Cuota para descartar lesiones de gravedad.<\/p>\n\n\n\n<p><br>Este jueves, un tr\u00e1iler nodriza cargado con motocicletas nuevas, volc\u00f3 en la autopista Veracruz &#8211; Puebla, a la altura de las cumbres de Maltrata, en los l\u00edmites entre ambos estados.<\/p>\n\n\n\n<p><br>El tr\u00e1iler remolcaba una caja cargada con motocicletas nuevas y cuando descend\u00eda las cumbres de Maltrata, en el kil\u00f3metro 228, entre Esperanza y San Jos\u00e9 Cuyachapa, Puebla, se volc\u00f3.<br>El tr\u00e1iler Kenworth de color blanco, con raz\u00f3n social Trans Mega, habr\u00eda sufrido una falla mec\u00e1nica y el operador de la unidad perdi\u00f3 el control.<\/p>\n\n\n\n<p><br>Por la carga que llevaba, elementos de la Secretar\u00eda de Seguridad P\u00fablica del Estado de Veracruz llegaron y resguardaron el lugar, para evitar as\u00ed actos de rapi\u00f1a.<\/p>\n\n\n\n<p><br>Param\u00e9dicos de Capufe y oficiales de ladivisi\u00f3n Guardia Nacional divisi\u00f3n Carreteras llegaron al sitio para acordonar el \u00e1rea y tomar conocimiento de los hechos.<\/p>\n\n\n\n<p><br>Con gr\u00faas fue levantada y trasladada al corral\u00f3n la unidad nodriza.<br>La circulaci\u00f3n vehicular qued\u00f3 restablecida cerca del mediod\u00eda.<br>Las autoridades descartaron que el chofer de la unidad resultara con lesiones de gravedad, por lo que no fue necesario su traslado a un hospital.<\/p>\n\n\n\n<p><br>Los elementos de la Guardia Nacional fueron los encargados de levantar el acta correspondiente para realizar el deslinde de responsabilidades correspondientes.<\/p>\n\n\n\n<p><br>Tras el accidente, las autoridades exhortaron, en especial a los encargados de la conducci\u00f3n del transporte de carga pesada a manejar con precauci\u00f3n y a respetar los se\u00f1alamientos de las vialidades, adem\u00e1s de garantizar el mantenimiento de sus unidades.<\/p>\n\n\n\n<p><br>Debido a que es este tipo de transporte el que m\u00e1s circula por carreteras de cuota y federales, las cuales, resultan peligrosas por las condiciones clim\u00e1ticas, las pendientes pronunciadas y las curvas.<br>Hasta el momento, se desconoce la empresa a la que pertenec\u00edan las motocicletas que se vieron involucradas en el siniestro vial, sin embargo, fueron resguardadas por parte de elementos de la GN, con la finalidad de evitar rapi\u00f1a.<\/p>\n\n\n\n<p><br>Debido a que es com\u00fan que en este tipo de accidentes las personas que viven en zonas aleda\u00f1as, busquen un beneficio al recolectar los objetos o productos que traslada el transporte de carga.<\/p>\n","protected":false},"excerpt":{"rendered":"<p>Viernes , 3 Febrero de 2023 El conductor de la unidad fue revisado por el&#8230;<\/p>\n","protected":false},"author":3,"featured_media":56110,"comment_status":"closed","ping_status":"closed","sticky":false,"template":"","format":"standard","meta":{"footnotes":""},"categories":[4],"tags":[],"class_list":["post-56109","post","type-post","status-publish","format-standard","has-post-thumbnail","hentry","category-noticias-del-dia"],"_links":{"self":[{"href":"https:\/\/bambapolitica.com.mx\/index.php\/wp-json\/wp\/v2\/posts\/56109","targetHints":{"allow":["GET"]}}],"collection":[{"href":"https:\/\/bambapolitica.com.mx\/index.php\/wp-json\/wp\/v2\/posts"}],"about":[{"href":"https:\/\/bambapolitica.com.mx\/index.php\/wp-json\/wp\/v2\/types\/post"}],"author":[{"embeddable":true,"href":"https:\/\/bambapolitica.com.mx\/index.php\/wp-json\/wp\/v2\/users\/3"}],"replies":[{"embeddable":true,"href":"https:\/\/bambapolitica.com.mx\/index.php\/wp-json\/wp\/v2\/comments?post=56109"}],"version-history":[{"count":1,"href":"https:\/\/bambapolitica.com.mx\/index.php\/wp-json\/wp\/v2\/posts\/56109\/revisions"}],"predecessor-version":[{"id":56111,"href":"https:\/\/bambapolitica.com.mx\/index.php\/wp-json\/wp\/v2\/posts\/56109\/revisions\/56111"}],"wp:featuredmedia":[{"embeddable":true,"href":"https:\/\/bambapolitica.com.mx\/index.php\/wp-json\/wp\/v2\/media\/56110"}],"wp:attachment":[{"href":"https:\/\/bambapolitica.com.mx\/index.php\/wp-json\/wp\/v2\/media?parent=56109"}],"wp:term":[{"taxonomy":"category","embeddable":true,"href":"https:\/\/bambapolitica.com.mx\/index.php\/wp-json\/wp\/v2\/categories?post=56109"},{"taxonomy":"post_tag","embeddable":true,"href":"https:\/\/bambapolitica.com.mx\/index.php\/wp-json\/wp\/v2\/tags?post=56109"}],"curies":[{"name":"wp","href":"https:\/\/api.w.org\/{rel}","templated":true}]}}