{"id":56115,"date":"2023-02-03T08:39:17","date_gmt":"2023-02-03T14:39:17","guid":{"rendered":"http:\/\/bambapolitica.com.mx\/?p=56115"},"modified":"2023-02-03T08:39:19","modified_gmt":"2023-02-03T14:39:19","slug":"ofrecen-disculpa-publica-a-victimas-del-caso-rebsamen","status":"publish","type":"post","link":"https:\/\/bambapolitica.com.mx\/index.php\/2023\/02\/03\/ofrecen-disculpa-publica-a-victimas-del-caso-rebsamen\/","title":{"rendered":"Ofrecen disculpa p\u00fablica a v\u00edctimas del caso R\u00e9bsamen"},"content":{"rendered":"\n<p>Viernes , 3 Febrero de 2023<\/p>\n\n\n\n<p>A 5 a\u00f1os del sismo por el que colaps\u00f3 el colegio donde murieron 19 ni\u00f1os, Gobierno capitalino, SEP y alcald\u00eda Tlalpan prometen no repetir errores; padres de familia lo ven insuficiente para reparar el da\u00f1o<br>Luego de cinco a\u00f1os del colapso del Colegio Enrique R\u00e9bsamen en donde murieron 26 personas, entre ellas 19 menores de edad, la jefa de Gobierno, Claudia Sheinbaum, acudi\u00f3 ante los familiares de las v\u00edctimas a ofrecer una disculpa p\u00fablica; sin embargo, ellos aseguraron que este acto no les repara el da\u00f1o.<\/p>\n\n\n\n<p><br>Durante la ceremonia en donde se entreg\u00f3 el Memorial Colegio R\u00e9bsamen 19-S, construido en la Alameda del Sur, la mandataria dijo: \u201cEstoy aqu\u00ed para ofrecer como representante del Gobierno de la Ciudad de M\u00e9xico una sincera y sentida y profunda disculpa p\u00fablica a las v\u00edctimas y sus familiares por la irreparable p\u00e9rdida derivada del colapso del Colegio R\u00e9bsamen durante el sismo del 19 de septiembre de 2017, y tambi\u00e9n hacemos entrega de este significativo memorial\u201d.<\/p>\n\n\n\n<p><br>Hizo un recuento de los sucedido cuando ella encabezaba la entonces delegaci\u00f3n Tlalpan, y afirm\u00f3 que tras los hechos, pidi\u00f3 una investigaci\u00f3n que arroj\u00f3 que desde 2008 se hab\u00eda construido el cuarto piso, un departamento que provoc\u00f3 el colapso del edificio durante el terremoto.<br>Las investigaciones de la entonces Procuradur\u00eda General de Justicia (PGJ) determinaron que jefa delegacional no ten\u00eda responsabilidad alguna.<\/p>\n\n\n\n<p><br>\u201cA partir de la investigaci\u00f3n hicimos p\u00fablico, como siempre lo hemos hecho, documentos que establecieron que en el a\u00f1o 2010 las autoridades de la delegaci\u00f3n Tlalpan identificaron dicha irregularidad y se emiti\u00f3 con fecha 13 de agosto de 2010 una resoluci\u00f3n que determinaba la clausura del inmueble y la demolici\u00f3n de 90 metros cuadrados del cuarto piso. Esta demolici\u00f3n nunca se llev\u00f3 a cabo\u201d, se\u00f1al\u00f3 Sheinbaum.<br>M\u00f3nica Ortega, madre de una de las v\u00edctimas, expres\u00f3: \u201cAun con el coraz\u00f3n roto hemos seguido adelante\u201d. Pidi\u00f3 que se d\u00e9 prioridad a la atenci\u00f3n de v\u00edctimas para que todas las personas tengan acceso a la justicia.<\/p>\n\n\n\n<p><br>\u201cLa due\u00f1a y directora del colegio nos defraud\u00f3, las autoridades delegacionales y estatales y federales nos fallaron. Hoy estamos aqu\u00ed para que no se olvide, y sobre todo, para que no vuelva a ocurrir\u201d, a\u00f1adi\u00f3.<br>Francisco Quintero, uno de los padres, manifest\u00f3: \u201cNos quedaron a deber y nos siguen debiendo, con la disculpa p\u00fablica no se repara el da\u00f1o\u201d.<\/p>\n\n\n\n<p><br>Por su parte, la fiscal Ernestina Godoy indic\u00f3 que hay cuatro carpetas de investigaci\u00f3n en tr\u00e1mite por el colapso del colegio ante la autoridad jurisdiccional.<\/p>\n\n\n\n<p><br>Dos de ellas en contra de Juan Apolinar Torales, DRO, y Francisco Arturo P\u00e9rez, corresponsable de Seguridad Estructural. Otras dos carpetas es por delitos cometidos por servidores p\u00fablicos.<br>Agreg\u00f3 que por el caso R\u00e9bsamen se han conseguido sentencias en contra de M\u00f3nica Garc\u00eda Villegas, con 36 a\u00f1os cuatros meses y dos d\u00edas; y la de 108 a\u00f1os de Juan Mario Velarde, DRO.<br>Como parte de la recomendaci\u00f3n emitida por la CNDH, la edil de Tlalpan, Alfa Gonz\u00e1lez, coment\u00f3 que se debe aprender de los errores para no repetirlos.<\/p>\n","protected":false},"excerpt":{"rendered":"<p>Viernes , 3 Febrero de 2023 A 5 a\u00f1os del sismo por el que colaps\u00f3&#8230;<\/p>\n","protected":false},"author":3,"featured_media":56116,"comment_status":"closed","ping_status":"closed","sticky":false,"template":"","format":"standard","meta":{"footnotes":""},"categories":[4],"tags":[],"class_list":["post-56115","post","type-post","status-publish","format-standard","has-post-thumbnail","hentry","category-noticias-del-dia"],"_links":{"self":[{"href":"https:\/\/bambapolitica.com.mx\/index.php\/wp-json\/wp\/v2\/posts\/56115","targetHints":{"allow":["GET"]}}],"collection":[{"href":"https:\/\/bambapolitica.com.mx\/index.php\/wp-json\/wp\/v2\/posts"}],"about":[{"href":"https:\/\/bambapolitica.com.mx\/index.php\/wp-json\/wp\/v2\/types\/post"}],"author":[{"embeddable":true,"href":"https:\/\/bambapolitica.com.mx\/index.php\/wp-json\/wp\/v2\/users\/3"}],"replies":[{"embeddable":true,"href":"https:\/\/bambapolitica.com.mx\/index.php\/wp-json\/wp\/v2\/comments?post=56115"}],"version-history":[{"count":1,"href":"https:\/\/bambapolitica.com.mx\/index.php\/wp-json\/wp\/v2\/posts\/56115\/revisions"}],"predecessor-version":[{"id":56117,"href":"https:\/\/bambapolitica.com.mx\/index.php\/wp-json\/wp\/v2\/posts\/56115\/revisions\/56117"}],"wp:featuredmedia":[{"embeddable":true,"href":"https:\/\/bambapolitica.com.mx\/index.php\/wp-json\/wp\/v2\/media\/56116"}],"wp:attachment":[{"href":"https:\/\/bambapolitica.com.mx\/index.php\/wp-json\/wp\/v2\/media?parent=56115"}],"wp:term":[{"taxonomy":"category","embeddable":true,"href":"https:\/\/bambapolitica.com.mx\/index.php\/wp-json\/wp\/v2\/categories?post=56115"},{"taxonomy":"post_tag","embeddable":true,"href":"https:\/\/bambapolitica.com.mx\/index.php\/wp-json\/wp\/v2\/tags?post=56115"}],"curies":[{"name":"wp","href":"https:\/\/api.w.org\/{rel}","templated":true}]}}