{"id":56118,"date":"2023-02-03T08:43:02","date_gmt":"2023-02-03T14:43:02","guid":{"rendered":"http:\/\/bambapolitica.com.mx\/?p=56118"},"modified":"2023-02-03T08:43:04","modified_gmt":"2023-02-03T14:43:04","slug":"gobierno-federal-publica-decreto-para-sacar-servicio-de-carga-del-aicm","status":"publish","type":"post","link":"https:\/\/bambapolitica.com.mx\/index.php\/2023\/02\/03\/gobierno-federal-publica-decreto-para-sacar-servicio-de-carga-del-aicm\/","title":{"rendered":"Gobierno federal publica decreto para sacar servicio de carga del AICM"},"content":{"rendered":"\n<p>Viernes , 3 Febrero de 2023<\/p>\n\n\n\n<p>Les da 108 d\u00edas h\u00e1biles para mudarse a otro aeropuerto<br>El gobierno federal public\u00f3 esta noche el decreto presidencial para sacar el servicio de carga del Aeropuerto Internacional de la Ciudad de M\u00e9xico (AICM), en donde les da solo 108 d\u00edas h\u00e1biles a las empresas cargueras para mudarse a otro aeropuerto.<\/p>\n\n\n\n<p><br>Empresas cargueras hab\u00edan pedido al gobierno federal ampliar de 108 a 180 d\u00edas h\u00e1biles como m\u00ednimo para una migraci\u00f3n segura.<\/p>\n\n\n\n<p><br>El decreto publicado en el Diario Oficial de la Federaci\u00f3n (DOF) argumenta que el AICM est\u00e1 saturado tanto en espacio a\u00e9reo as\u00ed como en la capacidad de los edificios terminales, las operaciones de carga afectan la capacidad de operaci\u00f3n de la infraestructura de la terminal, por lo que a fin de salvaguardar la seguridad de las operaciones a\u00e9reas, y la integridad de los usuarios que utilizan el AICM, es necesario trasladar la carga hacia la red aeroportuaria disponible en el pa\u00eds.<\/p>\n\n\n\n<p><br>\u201cDECRETO: Queda cerrado el Aeropuerto Internacional de la Ciudad de M\u00e9xico &#8220;Benito Ju\u00e1rez&#8221;, para las operaciones de los concesionarios y permisionarios que proporcionan el servicio al p\u00fablico de transporte a\u00e9reo nacional e internacional regular y no regular exclusivo de carga.<\/p>\n\n\n\n<p><br>\u201cLos concesionarios y permisionarios que proporcionen el servicio al p\u00fablico de transporte a\u00e9reo, nacional e internacional regular y no regular exclusivo de carga, con la excepci\u00f3n prevista en el presente decreto, cuentan con un plazo m\u00e1ximo de 108 d\u00edas h\u00e1biles, a partir de la entrada en vigor del presente decreto, para reubicar sus operaciones fuera del Aeropuerto Internacional de la Ciudad de M\u00e9xico &#8220;Benito Ju\u00e1rez&#8221;.<\/p>\n\n\n\n<p><br>Se indica que el decreto entra en vigor al d\u00eda siguiente de su publicaci\u00f3n en el Diario Oficial de la Federaci\u00f3n.<\/p>\n\n\n\n<p><br>\u201cSe instruye a la Secretar\u00eda de Infraestructura, Comunicaciones y Transportes a realizar las acciones necesarias, a fin de revisar y modificar, en su caso, las concesiones del servicio al p\u00fablico de transporte a\u00e9reo nacional regular y no regular de carga\u201d.<\/p>\n\n\n\n<p><br>Se advierte que las erogaciones que, en su caso, se generen con motivo de la entrada en vigor del presente decreto, se deber\u00e1n cubrir mediante movimientos compensados, conforme a las disposiciones jur\u00eddicas aplicables, con cargo al presupuesto aprobado para los ejecutores de gasto correspondientes en el presente ejercicio fiscal \u201cy no se autorizar\u00e1n recursos adicionales en el presente ejercicio ni en los subsecuentes\u201d.<\/p>\n\n\n\n<p><br>Cierre a vuelos de carga en el AICM, v\u00eda fast trackEL UNIVERSAL revel\u00f3 que el pasado 18 de enero que el gobierno federal, por medio de la Agencia Federal de Aviaci\u00f3n Civil (AFAC), buscaba la publicaci\u00f3n lo antes posible del decreto presidencial para cerrar el servicio a\u00e9reo de carga en el aeropuerto capitalino al advertir la posibilidad de un accidente por la saturaci\u00f3n que existe en ese complejo aeroportuario.<br>En un oficio entregado a la Comisi\u00f3n de Mejora Regulatoria (Conamer) se detallaba que el pasado 12 de enero, el general Miguel Enrique Vallin Osuna, titular de la AFAC, solicit\u00f3 a ese organismo la aplicaci\u00f3n de plazos m\u00ednimos de consulta p\u00fablica, que es de 20 d\u00edas.<\/p>\n\n\n\n<p><br>La Agencia Federal de Aviaci\u00f3n Civil reconoci\u00f3 que durante el proceso de elaboraci\u00f3n del proyecto de decreto presidencial no hubo ninguna consulta p\u00fablica ni se acerc\u00f3 a ninguna empresa o grupo de inter\u00e9s del sector a\u00e9reo.<\/p>\n","protected":false},"excerpt":{"rendered":"<p>Viernes , 3 Febrero de 2023 Les da 108 d\u00edas h\u00e1biles para mudarse a otro&#8230;<\/p>\n","protected":false},"author":3,"featured_media":56119,"comment_status":"closed","ping_status":"closed","sticky":false,"template":"","format":"standard","meta":{"footnotes":""},"categories":[4],"tags":[],"class_list":["post-56118","post","type-post","status-publish","format-standard","has-post-thumbnail","hentry","category-noticias-del-dia"],"_links":{"self":[{"href":"https:\/\/bambapolitica.com.mx\/index.php\/wp-json\/wp\/v2\/posts\/56118","targetHints":{"allow":["GET"]}}],"collection":[{"href":"https:\/\/bambapolitica.com.mx\/index.php\/wp-json\/wp\/v2\/posts"}],"about":[{"href":"https:\/\/bambapolitica.com.mx\/index.php\/wp-json\/wp\/v2\/types\/post"}],"author":[{"embeddable":true,"href":"https:\/\/bambapolitica.com.mx\/index.php\/wp-json\/wp\/v2\/users\/3"}],"replies":[{"embeddable":true,"href":"https:\/\/bambapolitica.com.mx\/index.php\/wp-json\/wp\/v2\/comments?post=56118"}],"version-history":[{"count":1,"href":"https:\/\/bambapolitica.com.mx\/index.php\/wp-json\/wp\/v2\/posts\/56118\/revisions"}],"predecessor-version":[{"id":56120,"href":"https:\/\/bambapolitica.com.mx\/index.php\/wp-json\/wp\/v2\/posts\/56118\/revisions\/56120"}],"wp:featuredmedia":[{"embeddable":true,"href":"https:\/\/bambapolitica.com.mx\/index.php\/wp-json\/wp\/v2\/media\/56119"}],"wp:attachment":[{"href":"https:\/\/bambapolitica.com.mx\/index.php\/wp-json\/wp\/v2\/media?parent=56118"}],"wp:term":[{"taxonomy":"category","embeddable":true,"href":"https:\/\/bambapolitica.com.mx\/index.php\/wp-json\/wp\/v2\/categories?post=56118"},{"taxonomy":"post_tag","embeddable":true,"href":"https:\/\/bambapolitica.com.mx\/index.php\/wp-json\/wp\/v2\/tags?post=56118"}],"curies":[{"name":"wp","href":"https:\/\/api.w.org\/{rel}","templated":true}]}}