{"id":56121,"date":"2023-02-03T09:11:31","date_gmt":"2023-02-03T15:11:31","guid":{"rendered":"http:\/\/bambapolitica.com.mx\/?p=56121"},"modified":"2023-02-03T09:11:33","modified_gmt":"2023-02-03T15:11:33","slug":"localizan-a-menor-reportado-como-desaparecido-en-ecatepec","status":"publish","type":"post","link":"https:\/\/bambapolitica.com.mx\/index.php\/2023\/02\/03\/localizan-a-menor-reportado-como-desaparecido-en-ecatepec\/","title":{"rendered":"Localizan a menor reportado como desaparecido en Ecatepec"},"content":{"rendered":"\n<p>Viernes , 3 Febrero de 2023<\/p>\n\n\n\n<p>De acuerdo con informes oficiales, el peque\u00f1o se encontraba en la casa de una de sus t\u00edas, ubicada en la colonia Valle de An\u00e1huac.<br>Carlos N, menor de 11 a\u00f1os reportado como desaparecido este mi\u00e9rcoles en Ecatepec, fue localizado con vida por autoridades municipales.<\/p>\n\n\n\n<p>De acuerdo con informes oficiales, el peque\u00f1o se encontraba en la casa de una de sus t\u00edas, ubicada en la colonia Valle de An\u00e1huac.<\/p>\n\n\n\n<p>&#8220;Se encuentra en perfecto estado de salud y en ning\u00fan momento fue v\u00edctima de alg\u00fan hecho il\u00edcito&#8221;, indicaron autoridades.<br>El hallazgo lo realizaron elementos de la C\u00e9lula Violeta y C\u00e9lula de B\u00fasqueda del gobierno de Ecatepec, luego de que familiares de Carlos bloquearon Avenida Central por varias horas.<\/p>\n\n\n\n<p>Durante la protesta, sus padres aseguraron que Carlos hab\u00eda salido de su casa para realizar un trabajo escolar con uno de sus compa\u00f1eros, pero nunca volvi\u00f3.<\/p>\n\n\n\n<p>Tras ello, elementos de la C\u00e9lula de B\u00fasqueda de Personas Desaparec\u00edas, No Localizadas y Extraviadas y de la C\u00e9lula Violeta municipal iniciaron trabajos de investigaci\u00f3n para localizar al menor de edad.<\/p>\n\n\n\n<p>Fue hasta la tarde de este jueves cuando se detect\u00f3 que el infante se encontraba bajo resguardo de familiares, por lo que se desactiv\u00f3 la Alerta \u00c1mber iniciada luego de su desaparici\u00f3n.<\/p>\n\n\n\n<p>Personal de la c\u00e9lula de b\u00fasqueda acompa\u00f1o al menor y logr\u00f3 reincorporarlo con sus padres.<\/p>\n\n\n\n<p>El menor de edad fue entregado a su madre Elizabeth Judith Ramos M\u00e9ndez, quien reconoci\u00f3 el trabajo de las autoridades para la r\u00e1pida localizaci\u00f3n de su hijo.<\/p>\n","protected":false},"excerpt":{"rendered":"<p>Viernes , 3 Febrero de 2023 De acuerdo con informes oficiales, el peque\u00f1o se encontraba&#8230;<\/p>\n","protected":false},"author":3,"featured_media":56122,"comment_status":"closed","ping_status":"closed","sticky":false,"template":"","format":"standard","meta":{"footnotes":""},"categories":[2],"tags":[],"class_list":["post-56121","post","type-post","status-publish","format-standard","has-post-thumbnail","hentry","category-policiaca"],"_links":{"self":[{"href":"https:\/\/bambapolitica.com.mx\/index.php\/wp-json\/wp\/v2\/posts\/56121","targetHints":{"allow":["GET"]}}],"collection":[{"href":"https:\/\/bambapolitica.com.mx\/index.php\/wp-json\/wp\/v2\/posts"}],"about":[{"href":"https:\/\/bambapolitica.com.mx\/index.php\/wp-json\/wp\/v2\/types\/post"}],"author":[{"embeddable":true,"href":"https:\/\/bambapolitica.com.mx\/index.php\/wp-json\/wp\/v2\/users\/3"}],"replies":[{"embeddable":true,"href":"https:\/\/bambapolitica.com.mx\/index.php\/wp-json\/wp\/v2\/comments?post=56121"}],"version-history":[{"count":1,"href":"https:\/\/bambapolitica.com.mx\/index.php\/wp-json\/wp\/v2\/posts\/56121\/revisions"}],"predecessor-version":[{"id":56123,"href":"https:\/\/bambapolitica.com.mx\/index.php\/wp-json\/wp\/v2\/posts\/56121\/revisions\/56123"}],"wp:featuredmedia":[{"embeddable":true,"href":"https:\/\/bambapolitica.com.mx\/index.php\/wp-json\/wp\/v2\/media\/56122"}],"wp:attachment":[{"href":"https:\/\/bambapolitica.com.mx\/index.php\/wp-json\/wp\/v2\/media?parent=56121"}],"wp:term":[{"taxonomy":"category","embeddable":true,"href":"https:\/\/bambapolitica.com.mx\/index.php\/wp-json\/wp\/v2\/categories?post=56121"},{"taxonomy":"post_tag","embeddable":true,"href":"https:\/\/bambapolitica.com.mx\/index.php\/wp-json\/wp\/v2\/tags?post=56121"}],"curies":[{"name":"wp","href":"https:\/\/api.w.org\/{rel}","templated":true}]}}