{"id":56146,"date":"2023-02-03T09:59:06","date_gmt":"2023-02-03T15:59:06","guid":{"rendered":"http:\/\/bambapolitica.com.mx\/?p=56146"},"modified":"2023-02-03T09:59:08","modified_gmt":"2023-02-03T15:59:08","slug":"no-podriamos-pensar-todos-de-la-misma-manera-amlo-reconoce-diferencias-con-ricardo-monreal","status":"publish","type":"post","link":"https:\/\/bambapolitica.com.mx\/index.php\/2023\/02\/03\/no-podriamos-pensar-todos-de-la-misma-manera-amlo-reconoce-diferencias-con-ricardo-monreal\/","title":{"rendered":"\u201cNo podr\u00edamos pensar todos de la misma manera\u201d: AMLO reconoce diferencias con Ricardo Monreal"},"content":{"rendered":"\n<p>Viernes , 3 Febrero de 2023<\/p>\n\n\n\n<p>L\u00f3pez Obrador reconoci\u00f3 que s\u00ed tiene diferencias con el senador Ricardo Monreal, sobe todo en el tema de anteponer el derecho a la justicia<br>El presidente Andr\u00e9s Manuel L\u00f3pez Obrador reconoci\u00f3 este viernes que s\u00ed tiene diferencias con el senador morenista Ricardo Monreal \u00c1vila.<br>En la conferencia matutina de Palacio Nacional, L\u00f3pez Obrador se refiri\u00f3 a Monreal \u00c1vila se\u00f1alando que el legislador antepon\u00eda la ley a la justicia.<\/p>\n\n\n\n<p>Ricardo Monreal, con el que no tengo yo diferencias, sostuvo, o s\u00ed tengo algunas diferencias pero es normal en la democracia. No podr\u00edamos pensar todos de la misma manera, ser\u00eda muy aburrida la vida\u201d, dijo.<\/p>\n\n\n\n<p>\u201cParece que dijo de que \u00e9l estaba, lo quiero expresar correctamente a favor del derecho m\u00e1s que de la justicia, porque yo sostengo lo opuesto, y lo sent\u00ed c\u00f3mo una r\u00e9plica, como una respuesta, es muy bueno el tema<\/p>\n\n\n\n<p>A l cuestionarle si dicha declaraci\u00f3n del senador morenista era para distanciarse de los dichos presidenciales, L\u00f3pez Obrador respondi\u00f3 que \u201cpues ya estamos grandes, cada quien sabr\u00e1 lo que busca y representa\u201d.<\/p>\n\n\n\n<p>El mandatario mexicano hizo referencia a las declaraciones de Monreal \u00c1vila en la Reuni\u00f3n Plenaria de los diputad de Morena, donde al cuestionarle sobre el tema el legislador respondi\u00f3 que \u201cme quedo con la ley y el estado de derecho\u201d , debido a que son el alma de la sociedad.<\/p>\n\n\n\n<p>\u201cNo me voy a traicionar para que ustedes se sientan c\u00f3modos. Yo prefiero la ley y eso no est\u00e1 en contra del presidente (L\u00f3pez Obrador) de ninguna manera\u201d, dej\u00f3 en claro el legislador de Morena.<\/p>\n","protected":false},"excerpt":{"rendered":"<p>Viernes , 3 Febrero de 2023 L\u00f3pez Obrador reconoci\u00f3 que s\u00ed tiene diferencias con el&#8230;<\/p>\n","protected":false},"author":3,"featured_media":56147,"comment_status":"closed","ping_status":"closed","sticky":false,"template":"","format":"standard","meta":{"footnotes":""},"categories":[4],"tags":[],"class_list":["post-56146","post","type-post","status-publish","format-standard","has-post-thumbnail","hentry","category-noticias-del-dia"],"_links":{"self":[{"href":"https:\/\/bambapolitica.com.mx\/index.php\/wp-json\/wp\/v2\/posts\/56146","targetHints":{"allow":["GET"]}}],"collection":[{"href":"https:\/\/bambapolitica.com.mx\/index.php\/wp-json\/wp\/v2\/posts"}],"about":[{"href":"https:\/\/bambapolitica.com.mx\/index.php\/wp-json\/wp\/v2\/types\/post"}],"author":[{"embeddable":true,"href":"https:\/\/bambapolitica.com.mx\/index.php\/wp-json\/wp\/v2\/users\/3"}],"replies":[{"embeddable":true,"href":"https:\/\/bambapolitica.com.mx\/index.php\/wp-json\/wp\/v2\/comments?post=56146"}],"version-history":[{"count":1,"href":"https:\/\/bambapolitica.com.mx\/index.php\/wp-json\/wp\/v2\/posts\/56146\/revisions"}],"predecessor-version":[{"id":56148,"href":"https:\/\/bambapolitica.com.mx\/index.php\/wp-json\/wp\/v2\/posts\/56146\/revisions\/56148"}],"wp:featuredmedia":[{"embeddable":true,"href":"https:\/\/bambapolitica.com.mx\/index.php\/wp-json\/wp\/v2\/media\/56147"}],"wp:attachment":[{"href":"https:\/\/bambapolitica.com.mx\/index.php\/wp-json\/wp\/v2\/media?parent=56146"}],"wp:term":[{"taxonomy":"category","embeddable":true,"href":"https:\/\/bambapolitica.com.mx\/index.php\/wp-json\/wp\/v2\/categories?post=56146"},{"taxonomy":"post_tag","embeddable":true,"href":"https:\/\/bambapolitica.com.mx\/index.php\/wp-json\/wp\/v2\/tags?post=56146"}],"curies":[{"name":"wp","href":"https:\/\/api.w.org\/{rel}","templated":true}]}}