{"id":56149,"date":"2023-02-03T09:59:57","date_gmt":"2023-02-03T15:59:57","guid":{"rendered":"http:\/\/bambapolitica.com.mx\/?p=56149"},"modified":"2023-02-03T09:59:59","modified_gmt":"2023-02-03T15:59:59","slug":"muere-gerardo-islas-maldonado-presidente-nacional-de-fuerza-por-mexico","status":"publish","type":"post","link":"https:\/\/bambapolitica.com.mx\/index.php\/2023\/02\/03\/muere-gerardo-islas-maldonado-presidente-nacional-de-fuerza-por-mexico\/","title":{"rendered":"Muere Gerardo Islas Maldonado, presidente nacional de Fuerza por M\u00e9xico"},"content":{"rendered":"\n<p>Viernes , 3 Febrero de 2023<\/p>\n\n\n\n<p>El presidente de Fuerza por M\u00e9xico muri\u00f3 a los 39 a\u00f1os en Espa\u00f1a.<br>Gerardo Islas, ex diputado de Puebla por la LX Legislatura del Congreso Estatal y l\u00edder de Fuerza x M\u00e9xico, falleci\u00f3 este 2 de febrero a los 39 a\u00f1os de edad en Espa\u00f1a. De acuerdo con los primeros reportes, el pol\u00edtico habr\u00eda muerto por un infarto.<\/p>\n\n\n\n<p>\u00c1ngel Gerardo Islas Maldonado fue un empresario y pol\u00edtico mexicano que represent\u00f3 al Distrito XXII en el Congreso de Puebla, fue coordinador parlamentario del partido Nueva Alianza en el congreso del Estado de Puebla y recientemente era presidente del Partido Fuerza por M\u00e9xico.<br>En redes sociales algunos pol\u00edticos compartieron sus condolencias tras enterarse de la muerte de Gerardo Islas, quien era el presidente m\u00e1s joven de un partido pol\u00edtico en M\u00e9xico.<\/p>\n\n\n\n<p>Entre los primeros en reaccionar fue Fernando Morales Mart\u00ednez, coordinador estatal de Movimiento Ciudadano en Puebla, quien lament\u00f3 la muerte del presidente de Fuerza por M\u00e9xico y expres\u00f3 sus condolencias a su familia.<br>Entre otras figuras pol\u00edticas que externaron sus condolencias est\u00e1 Mara Lezama, gobernadora del estado de Quintana Roo, quien en un mensaje destac\u00f3 a Gerardo Islas como un &#8220;querido amigo&#8221;.<br>Ricardo Monreal, presidente de la Jucopo en el Senado de la Rep\u00fablica lament\u00f3 la muerte de Gerardo Islas y envi\u00f3 sus condolencias su esposa, hijos y familiares.<\/p>\n\n\n\n<p>&#8220;Lamentable, la noticia del fallecimiento de Gerardo Islas, un buen amigo y pol\u00edtico comprometido. Mis condolencias a su esposa, hijos y familiares ante esta inesperada p\u00e9rdida. Descanse en paz&#8221;, comparti\u00f3 Ricardo Monreal en su cuenta de Twitter.<br>Tan solo el pasado el 27 de enero, el pol\u00edtico celebr\u00f3 la decisi\u00f3n del Tribunal Electoral del Poder Judicial de la Federaci\u00f3n (TEPJF) de devolver el registro de su partido pol\u00edtico local en Puebla.<\/p>\n\n\n\n<p>En su su red social, el dirigente nacional de Fuerza Por M\u00e9xico dijo que el Tribunal Electoral anunci\u00f3 que dicho partido alcanz\u00f3 m\u00e1s del 3 por ciento de votos en las elecciones pasadas, por lo que mantiene su registro como partido pol\u00edtico.<\/p>\n\n\n\n<p>Qui\u00e9n fue Gerardo Islas Maldonado<br>Gerardo Islas fungi\u00f3 en 2010 como coordinador de relaciones p\u00fablicas en la campa\u00f1a a la gubernatura de Puebla de Rafael Moreno Valle en la alianza Compromiso por Puebla.<br>En 2011 particip\u00f3 con el cargo de sub coordinador general de campa\u00f1a del entonces candidato Eruviel \u00c1vila en el Estado de M\u00e9xico, as\u00ed como en las campa\u00f1as de Marcos Covarrubias en Baja California Sur, \u00c1ngel Aguirre en Guerrero, Alejandro Moreno en Campeche, Omar Fayad en Hidalgo, entre otras.<\/p>\n\n\n\n<p>Para el 2015 es nombrado Delegado del comit\u00e9 de Direcci\u00f3n Nacional del Partido Nueva Alianza en la 4\u00aa circunscripci\u00f3n. Y en 2016 es nombrado Secretario de Desarrollo social del estado de Puebla por el entonces Gobernador Rafael Moreno Valle.<\/p>\n\n\n\n<p>En 2017 fue nombrado nuevamente como Secretario de Desarrollo social del Estado de Puebla por el Gobernador en turno Antonio Gali Fayad.<\/p>\n\n\n\n<p>Diputados de Puebla rinden un minuto de silencio por la muerte de Gerardo Islas<br>Durante la comparecencia del titular de la Secretar\u00eda de Trabajo estatal, Gabriel Biestro, ante la Comisi\u00f3n de Trabajo, Competitividad y Previsi\u00f3n Social del Congreso de Puebla, diputados locales rindieron un minuto de silencio por la muerte de Gerardo Islas, quien fue diputado por la LX Legislatura.<\/p>\n\n\n\n<p>La diputada M\u00f3nica Rodr\u00edguez Della Vecchia dio la noticia previo a que diera inicio la comparecencia y solicit\u00f3 un minuto de silencio por la memoria del exdiputado local.<\/p>\n","protected":false},"excerpt":{"rendered":"<p>Viernes , 3 Febrero de 2023 El presidente de Fuerza por M\u00e9xico muri\u00f3 a los&#8230;<\/p>\n","protected":false},"author":3,"featured_media":56150,"comment_status":"closed","ping_status":"closed","sticky":false,"template":"","format":"standard","meta":{"footnotes":""},"categories":[4],"tags":[],"class_list":["post-56149","post","type-post","status-publish","format-standard","has-post-thumbnail","hentry","category-noticias-del-dia"],"_links":{"self":[{"href":"https:\/\/bambapolitica.com.mx\/index.php\/wp-json\/wp\/v2\/posts\/56149","targetHints":{"allow":["GET"]}}],"collection":[{"href":"https:\/\/bambapolitica.com.mx\/index.php\/wp-json\/wp\/v2\/posts"}],"about":[{"href":"https:\/\/bambapolitica.com.mx\/index.php\/wp-json\/wp\/v2\/types\/post"}],"author":[{"embeddable":true,"href":"https:\/\/bambapolitica.com.mx\/index.php\/wp-json\/wp\/v2\/users\/3"}],"replies":[{"embeddable":true,"href":"https:\/\/bambapolitica.com.mx\/index.php\/wp-json\/wp\/v2\/comments?post=56149"}],"version-history":[{"count":1,"href":"https:\/\/bambapolitica.com.mx\/index.php\/wp-json\/wp\/v2\/posts\/56149\/revisions"}],"predecessor-version":[{"id":56151,"href":"https:\/\/bambapolitica.com.mx\/index.php\/wp-json\/wp\/v2\/posts\/56149\/revisions\/56151"}],"wp:featuredmedia":[{"embeddable":true,"href":"https:\/\/bambapolitica.com.mx\/index.php\/wp-json\/wp\/v2\/media\/56150"}],"wp:attachment":[{"href":"https:\/\/bambapolitica.com.mx\/index.php\/wp-json\/wp\/v2\/media?parent=56149"}],"wp:term":[{"taxonomy":"category","embeddable":true,"href":"https:\/\/bambapolitica.com.mx\/index.php\/wp-json\/wp\/v2\/categories?post=56149"},{"taxonomy":"post_tag","embeddable":true,"href":"https:\/\/bambapolitica.com.mx\/index.php\/wp-json\/wp\/v2\/tags?post=56149"}],"curies":[{"name":"wp","href":"https:\/\/api.w.org\/{rel}","templated":true}]}}