{"id":56157,"date":"2023-02-04T10:09:00","date_gmt":"2023-02-04T16:09:00","guid":{"rendered":"http:\/\/bambapolitica.com.mx\/?p=56157"},"modified":"2023-02-03T10:12:40","modified_gmt":"2023-02-03T16:12:40","slug":"sheinbaum-evalua-apoyo-a-corcholatas","status":"publish","type":"post","link":"https:\/\/bambapolitica.com.mx\/index.php\/2023\/02\/04\/sheinbaum-evalua-apoyo-a-corcholatas\/","title":{"rendered":"Sheinbaum eval\u00faa apoyo a corcholatas"},"content":{"rendered":"\n<p>Sabado,4 Febrero de 2023<\/p>\n\n\n\n<p>Jefa de Gobierno capitalino dice que no quiere afectar el proceso 2024<br>A ra\u00edz del llamado del presidente nacional de Morena, Mario Delgado, a los aspirantes a la candidatura presidencial de apoyar a los candidatos a las gobernaturas del Estado de M\u00e9xico y Coahuila, la jefa de Gobierno de la Ciudad de M\u00e9xico, Claudia Sheinbaum, inform\u00f3 que eval\u00faa c\u00f3mo apoyar\u00e1 y para que no afecte el proceso.<\/p>\n\n\n\n<p>El mi\u00e9rcoles pasado, Delgado Carrillo pidi\u00f3 a las corcholatas presidenciables \u201cque todos los esfuerzos que est\u00e1n haciendo ahora por darse a conocer en el pa\u00eds los concentren en el Estado de M\u00e9xico y en Coahuila dentro de actividades que est\u00e9n permitidas por la ley.<br>\u201cLes hemos pedido que hagan una pausa en estas actividades que tienen para darse a conocer y que nos ayuden a caminar en el Estado de M\u00e9xico, con la maestra Delfina G\u00f3mez y en Coahuila con el senador Armando Guadiana, para poder consolidar esos triunfos\u201d, indic\u00f3.<\/p>\n\n\n\n<p>Ayer, la mandataria capitalina respondi\u00f3 a la petici\u00f3n: \u201cS\u00ed, todo en el marco de la legislaci\u00f3n electoral, pero en lo que podamos ayudar siempre vamos a estar ah\u00ed.<\/p>\n\n\n\n<p>\u201cEs parte de lo que estamos definiendo en t\u00e9rminos de la ley, porque tenemos algunas sanciones por haber ido a eventos y no es un tema hacia nosotros, sino de afectaci\u00f3n a quienes todo mundo sabemos que apoyamos\u201d, dijo.<\/p>\n","protected":false},"excerpt":{"rendered":"<p>Sabado,4 Febrero de 2023 Jefa de Gobierno capitalino dice que no quiere afectar el proceso&#8230;<\/p>\n","protected":false},"author":3,"featured_media":56158,"comment_status":"closed","ping_status":"closed","sticky":false,"template":"","format":"standard","meta":{"footnotes":""},"categories":[4],"tags":[],"class_list":["post-56157","post","type-post","status-publish","format-standard","has-post-thumbnail","hentry","category-noticias-del-dia"],"_links":{"self":[{"href":"https:\/\/bambapolitica.com.mx\/index.php\/wp-json\/wp\/v2\/posts\/56157","targetHints":{"allow":["GET"]}}],"collection":[{"href":"https:\/\/bambapolitica.com.mx\/index.php\/wp-json\/wp\/v2\/posts"}],"about":[{"href":"https:\/\/bambapolitica.com.mx\/index.php\/wp-json\/wp\/v2\/types\/post"}],"author":[{"embeddable":true,"href":"https:\/\/bambapolitica.com.mx\/index.php\/wp-json\/wp\/v2\/users\/3"}],"replies":[{"embeddable":true,"href":"https:\/\/bambapolitica.com.mx\/index.php\/wp-json\/wp\/v2\/comments?post=56157"}],"version-history":[{"count":1,"href":"https:\/\/bambapolitica.com.mx\/index.php\/wp-json\/wp\/v2\/posts\/56157\/revisions"}],"predecessor-version":[{"id":56159,"href":"https:\/\/bambapolitica.com.mx\/index.php\/wp-json\/wp\/v2\/posts\/56157\/revisions\/56159"}],"wp:featuredmedia":[{"embeddable":true,"href":"https:\/\/bambapolitica.com.mx\/index.php\/wp-json\/wp\/v2\/media\/56158"}],"wp:attachment":[{"href":"https:\/\/bambapolitica.com.mx\/index.php\/wp-json\/wp\/v2\/media?parent=56157"}],"wp:term":[{"taxonomy":"category","embeddable":true,"href":"https:\/\/bambapolitica.com.mx\/index.php\/wp-json\/wp\/v2\/categories?post=56157"},{"taxonomy":"post_tag","embeddable":true,"href":"https:\/\/bambapolitica.com.mx\/index.php\/wp-json\/wp\/v2\/tags?post=56157"}],"curies":[{"name":"wp","href":"https:\/\/api.w.org\/{rel}","templated":true}]}}