{"id":56166,"date":"2023-02-03T18:39:31","date_gmt":"2023-02-04T00:39:31","guid":{"rendered":"http:\/\/bambapolitica.com.mx\/?p=56166"},"modified":"2023-02-03T18:39:35","modified_gmt":"2023-02-04T00:39:35","slug":"el-priismo-mexiquense-tiene-cimientos-solidos-y-trabaja-con-unidad-lealtad-y-compromiso-alejandra-del-moral","status":"publish","type":"post","link":"https:\/\/bambapolitica.com.mx\/index.php\/2023\/02\/03\/el-priismo-mexiquense-tiene-cimientos-solidos-y-trabaja-con-unidad-lealtad-y-compromiso-alejandra-del-moral\/","title":{"rendered":"EL PRIISMO MEXIQUENSE TIENE CIMIENTOS S\u00d3LIDOS Y TRABAJA CON UNIDAD, LEALTAD Y COMPROMISO: ALEJANDRA DEL MORAL"},"content":{"rendered":"\n<p>3 de Febrero del 2023\u00a0<\/p>\n\n\n\n<p>El PRI requiere mujeres y hombres valientes para proteger lo que se ha construido en el Estado de M\u00e9xico, afirm\u00f3 la precandidata a la gubernatura del Estado de M\u00e9xico por el Revolucionario Institucional.<\/p>\n\n\n\n<p>El priismo mexiquense apuesta por conformar un ej\u00e9rcito de hombres y mujeres valientes que defiendan lo que se ha construido y ha dado resultados, afirm\u00f3 la precandidata a la gubernatura del Estado de M\u00e9xico del Partido Revolucionario Institucional (PRI), Alejandra Del Moral Vela.<\/p>\n\n\n\n<p>\u201cQue tampoco pidan que se acaben los programas sociales del estado; o todos coludos o todos rabones, y que le ayuden a la gente. Hoy queremos que todo lo que hemos hecho bien se cuide\u201d, enfatiz\u00f3.&nbsp;<\/p>\n\n\n\n<p>Al sostener encuentros con militancia tricolor de Tepetlixpa, Juchitepec y Tenango del Aire, Alejandra Del Moral destac\u00f3 que la familia priista tiene cimientos s\u00f3lidos y ha luchado para alcanzar grandes victorias mediante la unidad, lealtad, respeto y compromiso para entregar resultados.&nbsp;<\/p>\n\n\n\n<p>\u201cEn estos d\u00edas de precampa\u00f1a he podido confirmar que nosotros, la familia priista, tenemos cimientos s\u00f3lidos, tenemos principios, tenemos valores y tenemos un profundo amor por el Estado de M\u00e9xico\u201d, asegur\u00f3.&nbsp;<\/p>\n\n\n\n<p>La precandidata del PRI al Gobierno del Estado de M\u00e9xico apunt\u00f3 que la militancia tricolor hace grande al Revolucionario Institucional, fuerza pol\u00edtica que ha comprendido que a las personas les interesa tener un gobierno cercano y que honren su palabra.<\/p>\n\n\n\n<p>\u201cPor eso decid\u00ed hacer esta precampa\u00f1a as\u00ed, en los municipios, cercana, con mi militancia\u201d, manifest\u00f3.<\/p>\n\n\n\n<p>\u201cDecirles que los voy a necesitar a cada uno haciendo lo que saben hacer,&nbsp; la gente lo que quiere ver de nosotros es compromiso, pasi\u00f3n, amor, que verdaderamente vamos a trabajar por nuestra gente, por nuestro territorio\u201d, agreg\u00f3.<\/p>\n\n\n\n<p>Sostuvo que la militancia priista es heredera de la Revoluci\u00f3n, por eso defender\u00e1n al Estado de M\u00e9xico, y los invit\u00f3 a convertirse en aliancistas con la gente, porque est\u00e1 en juego el futuro de las nuevas generaciones.<\/p>\n\n\n\n<p>La precandidata tricolor se\u00f1al\u00f3 que el PRI requiere, m\u00e1s que nunca, mujeres y hombres valientes para proteger lo que se ha construido en el Estado de M\u00e9xico.<\/p>\n\n\n\n<p>\u201cPorque solo los valientes nos atrevemos a caminar nuevos caminos; porque solo los valientes aceptamos nuestros errores y aprendemos de ellos\u201d, abund\u00f3.<\/p>\n\n\n\n<p>\u201cSolo los valientes elegimos avanzar hacia adelante, protegiendo alianzas estrat\u00e9gicas y solo unidos, luchando por el mismo objetivo y construyendo, vamos a ganar. Es momento de darlo todo, de dejar la piel en cancha\u201d, reiter\u00f3.<\/p>\n","protected":false},"excerpt":{"rendered":"<p>3 de Febrero del 2023\u00a0 El PRI requiere mujeres y hombres valientes para proteger lo&#8230;<\/p>\n","protected":false},"author":3,"featured_media":56167,"comment_status":"closed","ping_status":"closed","sticky":false,"template":"","format":"standard","meta":{"footnotes":""},"categories":[4],"tags":[],"class_list":["post-56166","post","type-post","status-publish","format-standard","has-post-thumbnail","hentry","category-noticias-del-dia"],"_links":{"self":[{"href":"https:\/\/bambapolitica.com.mx\/index.php\/wp-json\/wp\/v2\/posts\/56166","targetHints":{"allow":["GET"]}}],"collection":[{"href":"https:\/\/bambapolitica.com.mx\/index.php\/wp-json\/wp\/v2\/posts"}],"about":[{"href":"https:\/\/bambapolitica.com.mx\/index.php\/wp-json\/wp\/v2\/types\/post"}],"author":[{"embeddable":true,"href":"https:\/\/bambapolitica.com.mx\/index.php\/wp-json\/wp\/v2\/users\/3"}],"replies":[{"embeddable":true,"href":"https:\/\/bambapolitica.com.mx\/index.php\/wp-json\/wp\/v2\/comments?post=56166"}],"version-history":[{"count":1,"href":"https:\/\/bambapolitica.com.mx\/index.php\/wp-json\/wp\/v2\/posts\/56166\/revisions"}],"predecessor-version":[{"id":56168,"href":"https:\/\/bambapolitica.com.mx\/index.php\/wp-json\/wp\/v2\/posts\/56166\/revisions\/56168"}],"wp:featuredmedia":[{"embeddable":true,"href":"https:\/\/bambapolitica.com.mx\/index.php\/wp-json\/wp\/v2\/media\/56167"}],"wp:attachment":[{"href":"https:\/\/bambapolitica.com.mx\/index.php\/wp-json\/wp\/v2\/media?parent=56166"}],"wp:term":[{"taxonomy":"category","embeddable":true,"href":"https:\/\/bambapolitica.com.mx\/index.php\/wp-json\/wp\/v2\/categories?post=56166"},{"taxonomy":"post_tag","embeddable":true,"href":"https:\/\/bambapolitica.com.mx\/index.php\/wp-json\/wp\/v2\/tags?post=56166"}],"curies":[{"name":"wp","href":"https:\/\/api.w.org\/{rel}","templated":true}]}}