{"id":56212,"date":"2023-02-07T09:48:45","date_gmt":"2023-02-07T15:48:45","guid":{"rendered":"http:\/\/bambapolitica.com.mx\/?p=56212"},"modified":"2023-02-07T09:48:47","modified_gmt":"2023-02-07T15:48:47","slug":"atentan-en-campeche-contra-el-periodista-luis-armando-mendoza-intentaron-incendiar-su-casa","status":"publish","type":"post","link":"https:\/\/bambapolitica.com.mx\/index.php\/2023\/02\/07\/atentan-en-campeche-contra-el-periodista-luis-armando-mendoza-intentaron-incendiar-su-casa\/","title":{"rendered":"Atentan en Campeche contra el periodista Luis Armando Mendoza; intentaron incendiar su casa"},"content":{"rendered":"\n<p>martes, 7 de febrero de 2023<\/p>\n\n\n\n<p>El periodista Luis Armando Mendoza dijo sospechar que el atentado en su contra deriv\u00f3 de las cr\u00edticas que realiza al actual Gobierno de Campeche<\/p>\n\n\n\n<p><br>El periodista Luis Armando Mendoza Leciano fue v\u00edctima de un atentado en Campeche.<br>El tambi\u00e9n docente denunci\u00f3 que la madrugada de este 7 de febrero intentaron incendiar su casa con \u00e9l y su familia dentro.<\/p>\n\n\n\n<p><br>Afortunadamente mis mascotas comenzaron a ladrar y nos alertaron, y pudimos sofocar el fuego\u201d, dijo en redes sociales.<\/p>\n\n\n\n<p><br>Mendoza Leciano asegur\u00f3 que tras arder el fuego en su casa un veh\u00edculo fue visto saliendo a toda velocidad de la privada en la que vive.<\/p>\n\n\n\n<p><br>En entrevista para La Barra Noticias el periodista asegur\u00f3 no tener enemigos, pero dijo sospechar que el atentado en su contra deriv\u00f3 de las cr\u00edticas que realiza al actual Gobierno de Campeche.<br>No hay que buscarle mucho para deducir de d\u00f3nde podr\u00eda venir esta acci\u00f3n mal\u00e9vola\u2026 Yo asumo que esto viene del Gobierno (estatal)\u201d, expres\u00f3.<\/p>\n\n\n\n<p><br>Mendoza Leciano confes\u00f3 que tras el atentado teme por la integridad de su familia, pero refrend\u00f3 que seguir\u00e1 con sus cr\u00edticas hacia los malos actos del Gobierno de Campeche.<\/p>\n","protected":false},"excerpt":{"rendered":"<p>martes, 7 de febrero de 2023 El periodista Luis Armando Mendoza dijo sospechar que el&#8230;<\/p>\n","protected":false},"author":3,"featured_media":56213,"comment_status":"closed","ping_status":"closed","sticky":false,"template":"","format":"standard","meta":{"footnotes":""},"categories":[4],"tags":[],"class_list":["post-56212","post","type-post","status-publish","format-standard","has-post-thumbnail","hentry","category-noticias-del-dia"],"_links":{"self":[{"href":"https:\/\/bambapolitica.com.mx\/index.php\/wp-json\/wp\/v2\/posts\/56212","targetHints":{"allow":["GET"]}}],"collection":[{"href":"https:\/\/bambapolitica.com.mx\/index.php\/wp-json\/wp\/v2\/posts"}],"about":[{"href":"https:\/\/bambapolitica.com.mx\/index.php\/wp-json\/wp\/v2\/types\/post"}],"author":[{"embeddable":true,"href":"https:\/\/bambapolitica.com.mx\/index.php\/wp-json\/wp\/v2\/users\/3"}],"replies":[{"embeddable":true,"href":"https:\/\/bambapolitica.com.mx\/index.php\/wp-json\/wp\/v2\/comments?post=56212"}],"version-history":[{"count":1,"href":"https:\/\/bambapolitica.com.mx\/index.php\/wp-json\/wp\/v2\/posts\/56212\/revisions"}],"predecessor-version":[{"id":56214,"href":"https:\/\/bambapolitica.com.mx\/index.php\/wp-json\/wp\/v2\/posts\/56212\/revisions\/56214"}],"wp:featuredmedia":[{"embeddable":true,"href":"https:\/\/bambapolitica.com.mx\/index.php\/wp-json\/wp\/v2\/media\/56213"}],"wp:attachment":[{"href":"https:\/\/bambapolitica.com.mx\/index.php\/wp-json\/wp\/v2\/media?parent=56212"}],"wp:term":[{"taxonomy":"category","embeddable":true,"href":"https:\/\/bambapolitica.com.mx\/index.php\/wp-json\/wp\/v2\/categories?post=56212"},{"taxonomy":"post_tag","embeddable":true,"href":"https:\/\/bambapolitica.com.mx\/index.php\/wp-json\/wp\/v2\/tags?post=56212"}],"curies":[{"name":"wp","href":"https:\/\/api.w.org\/{rel}","templated":true}]}}