{"id":56218,"date":"2023-02-07T10:04:18","date_gmt":"2023-02-07T16:04:18","guid":{"rendered":"http:\/\/bambapolitica.com.mx\/?p=56218"},"modified":"2023-02-07T10:04:20","modified_gmt":"2023-02-07T16:04:20","slug":"vinculan-a-proceso-a-hombre-que-golpeo-a-su-abuelita-en-ecatepec","status":"publish","type":"post","link":"https:\/\/bambapolitica.com.mx\/index.php\/2023\/02\/07\/vinculan-a-proceso-a-hombre-que-golpeo-a-su-abuelita-en-ecatepec\/","title":{"rendered":"Vinculan a Proceso a Hombre que Golpe\u00f3 a su Abuelita en Ecatepec"},"content":{"rendered":"\n<p>martes, 7 de febrero de 2023<\/p>\n\n\n\n<p>La Fiscal\u00eda del Estado de M\u00e9xico determin\u00f3 que existen los elementos necesarios para iniciar el proceso en su contra<\/p>\n\n\n\n<p><br>Acusado del delito de feminicidio en grado de tentativa, el hombre que golpe\u00f3 a su abuelita de 85 a\u00f1os con un tubo, la semana pasada, fue vinculado a proceso por un juez del Estado de M\u00e9xico.<br>La Fiscal\u00eda General de Justicia del Estado de M\u00e9xico acredit\u00f3 la probable participaci\u00f3n de Jes\u00fas Antonio &#8216;N&#8217; de 19 a\u00f1os en los hechos que se le imputan, ocurridos en el municipio de Ecatepec.<br>Tras revisar los datos aportados por el agente del Ministerio P\u00fablico, se determin\u00f3 que existen los elementos para iniciar el proceso legal en su contra, por lo que adem\u00e1s se estableci\u00f3 un plazo de dos meses para el cierre de la investigaci\u00f3n complementaria.<\/p>\n\n\n\n<p><br>Como medida cautelar, el juez implement\u00f3 la prisi\u00f3n preventiva para el joven, quien es investigado por feminicidio en grado de tentativa.<\/p>\n\n\n\n<p><br>El pasado 30 de enero, el hombre golpe\u00f3 a su abuela con un objeto, presuntamente molesto porque no le hab\u00edan dado de comer.<\/p>\n\n\n\n<p><br>La mujer fue llevada a la Cl\u00ednica 76 del IMSS donde fue revisada y posteriormente canalizada al Hospital La Raza.<br>Las heridas de la v\u00edctima no fueron grabes, por lo que posteriormente fue dada de alta y se encuentra en su domicilio.<\/p>\n\n\n\n<p><br>Tras su detenci\u00f3n, Jes\u00fas Antonio fue trasladado al penal estatal de Chiconautla, donde permanecer\u00e1 recluido.<\/p>\n","protected":false},"excerpt":{"rendered":"<p>martes, 7 de febrero de 2023 La Fiscal\u00eda del Estado de M\u00e9xico determin\u00f3 que existen&#8230;<\/p>\n","protected":false},"author":3,"featured_media":56219,"comment_status":"closed","ping_status":"closed","sticky":false,"template":"","format":"standard","meta":{"footnotes":""},"categories":[2],"tags":[],"class_list":["post-56218","post","type-post","status-publish","format-standard","has-post-thumbnail","hentry","category-policiaca"],"_links":{"self":[{"href":"https:\/\/bambapolitica.com.mx\/index.php\/wp-json\/wp\/v2\/posts\/56218","targetHints":{"allow":["GET"]}}],"collection":[{"href":"https:\/\/bambapolitica.com.mx\/index.php\/wp-json\/wp\/v2\/posts"}],"about":[{"href":"https:\/\/bambapolitica.com.mx\/index.php\/wp-json\/wp\/v2\/types\/post"}],"author":[{"embeddable":true,"href":"https:\/\/bambapolitica.com.mx\/index.php\/wp-json\/wp\/v2\/users\/3"}],"replies":[{"embeddable":true,"href":"https:\/\/bambapolitica.com.mx\/index.php\/wp-json\/wp\/v2\/comments?post=56218"}],"version-history":[{"count":1,"href":"https:\/\/bambapolitica.com.mx\/index.php\/wp-json\/wp\/v2\/posts\/56218\/revisions"}],"predecessor-version":[{"id":56220,"href":"https:\/\/bambapolitica.com.mx\/index.php\/wp-json\/wp\/v2\/posts\/56218\/revisions\/56220"}],"wp:featuredmedia":[{"embeddable":true,"href":"https:\/\/bambapolitica.com.mx\/index.php\/wp-json\/wp\/v2\/media\/56219"}],"wp:attachment":[{"href":"https:\/\/bambapolitica.com.mx\/index.php\/wp-json\/wp\/v2\/media?parent=56218"}],"wp:term":[{"taxonomy":"category","embeddable":true,"href":"https:\/\/bambapolitica.com.mx\/index.php\/wp-json\/wp\/v2\/categories?post=56218"},{"taxonomy":"post_tag","embeddable":true,"href":"https:\/\/bambapolitica.com.mx\/index.php\/wp-json\/wp\/v2\/tags?post=56218"}],"curies":[{"name":"wp","href":"https:\/\/api.w.org\/{rel}","templated":true}]}}