{"id":56221,"date":"2023-02-07T10:06:43","date_gmt":"2023-02-07T16:06:43","guid":{"rendered":"http:\/\/bambapolitica.com.mx\/?p=56221"},"modified":"2023-02-07T10:06:44","modified_gmt":"2023-02-07T16:06:44","slug":"fiesta-patronal-en-iztapalapa-termina-en-ataque-armado-hay-3-muertos","status":"publish","type":"post","link":"https:\/\/bambapolitica.com.mx\/index.php\/2023\/02\/07\/fiesta-patronal-en-iztapalapa-termina-en-ataque-armado-hay-3-muertos\/","title":{"rendered":"Fiesta patronal en Iztapalapa termina en ataque armado; hay 3 muertos"},"content":{"rendered":"\n<p>martes, 7 de febrero de 2023<\/p>\n\n\n\n<p>Autoridades investigan el ataque armado en un domicilio de Iztapalapa durante celebraciones de una fiesta patronal<br>Una fiesta patronal en la alcald\u00eda Iztapalapa termin\u00f3 al registrarse un ataque armado que dej\u00f3 tres personas muertas.<\/p>\n\n\n\n<p>Los hechos ocurrieron la madrugada de este martes en la colonia Reforma Pol\u00edtica,cuando se llevaba a cabo el cambio de mayordom\u00eda.<br>Sujetos armados llegaron a un domicilio particular a bordo de por lo menos dos veh\u00edculos y dispararon contra quienes se encontraban all\u00ed.<\/p>\n\n\n\n<p>Tres hombres murieron a la entrada del lugar, en tanto que al menos cuatro personas m\u00e1s resultaron heridas.<\/p>\n\n\n\n<p>Hasta el momento se desconoce el motivo del ataque, en tanto que los responsables lograron escapar.<\/p>\n\n\n\n<p>Polic\u00edas de la Secretar\u00eda de Seguridad Ciudadana (SSC) y personal de la Fiscal\u00eda General de Justicia (FGJ), ambas capitalinas, se movilizaron al sitio para el inicio de la investigaci\u00f3n pertinente.<\/p>\n","protected":false},"excerpt":{"rendered":"<p>martes, 7 de febrero de 2023 Autoridades investigan el ataque armado en un domicilio de&#8230;<\/p>\n","protected":false},"author":3,"featured_media":56222,"comment_status":"closed","ping_status":"closed","sticky":false,"template":"","format":"standard","meta":{"footnotes":""},"categories":[2],"tags":[],"class_list":["post-56221","post","type-post","status-publish","format-standard","has-post-thumbnail","hentry","category-policiaca"],"_links":{"self":[{"href":"https:\/\/bambapolitica.com.mx\/index.php\/wp-json\/wp\/v2\/posts\/56221","targetHints":{"allow":["GET"]}}],"collection":[{"href":"https:\/\/bambapolitica.com.mx\/index.php\/wp-json\/wp\/v2\/posts"}],"about":[{"href":"https:\/\/bambapolitica.com.mx\/index.php\/wp-json\/wp\/v2\/types\/post"}],"author":[{"embeddable":true,"href":"https:\/\/bambapolitica.com.mx\/index.php\/wp-json\/wp\/v2\/users\/3"}],"replies":[{"embeddable":true,"href":"https:\/\/bambapolitica.com.mx\/index.php\/wp-json\/wp\/v2\/comments?post=56221"}],"version-history":[{"count":1,"href":"https:\/\/bambapolitica.com.mx\/index.php\/wp-json\/wp\/v2\/posts\/56221\/revisions"}],"predecessor-version":[{"id":56223,"href":"https:\/\/bambapolitica.com.mx\/index.php\/wp-json\/wp\/v2\/posts\/56221\/revisions\/56223"}],"wp:featuredmedia":[{"embeddable":true,"href":"https:\/\/bambapolitica.com.mx\/index.php\/wp-json\/wp\/v2\/media\/56222"}],"wp:attachment":[{"href":"https:\/\/bambapolitica.com.mx\/index.php\/wp-json\/wp\/v2\/media?parent=56221"}],"wp:term":[{"taxonomy":"category","embeddable":true,"href":"https:\/\/bambapolitica.com.mx\/index.php\/wp-json\/wp\/v2\/categories?post=56221"},{"taxonomy":"post_tag","embeddable":true,"href":"https:\/\/bambapolitica.com.mx\/index.php\/wp-json\/wp\/v2\/tags?post=56221"}],"curies":[{"name":"wp","href":"https:\/\/api.w.org\/{rel}","templated":true}]}}