{"id":56227,"date":"2023-02-07T10:16:51","date_gmt":"2023-02-07T16:16:51","guid":{"rendered":"http:\/\/bambapolitica.com.mx\/?p=56227"},"modified":"2023-02-07T10:16:55","modified_gmt":"2023-02-07T16:16:55","slug":"hermano-de-caro-quintero-es-detenido-en-cdmx","status":"publish","type":"post","link":"https:\/\/bambapolitica.com.mx\/index.php\/2023\/02\/07\/hermano-de-caro-quintero-es-detenido-en-cdmx\/","title":{"rendered":"Hermano de Caro Quintero es detenido en CdMx"},"content":{"rendered":"\n<p>martes, 7 de febrero de 2023<\/p>\n\n\n\n<p>El hermano de Rafael Caro Quintero fue detenido por polic\u00edas de la Ciudad de M\u00e9xico en la alcald\u00eda Miguel Hidalgo.<\/p>\n\n\n\n<p><br>Polic\u00edas de la Secretar\u00eda de Seguridad Ciudadana (SSC) de la Ciudad de M\u00e9xico detuvieron en la alcald\u00eda Miguel Hidalgo a Carlos \u2018N\u2019, hermano del presunto l\u00edder del C\u00e1rtel de Caborca, Rafael Caro Quintero, mientras viajaba a bordo de un veh\u00edculo de lujo.<\/p>\n\n\n\n<p>De acuerdo con los primeros reportes, Carlos \u2018N\u2019 fue detenido cerca de las 12:00 horas del 6 de febrero, en la avenida Montes Auvernia, colonia Lomas de Chapultepec, alcald\u00eda Miguel Hidalgo.<\/p>\n\n\n\n<p>En dicha vialidad,los elementos de la SSC de la Ciudad de M\u00e9xico detectaron un auto de lujo color gris, el cual circulaba con las placas de circulaci\u00f3n cubiertas, por lo que le marcaron el alto.<br>Tras marcarle el alto, los uniformados se percataron que el conductor de la unidad portaba un arma de fuego a la altura de la cintura, por lo que le llevaron a cabo una revisi\u00f3n, que dio como resultado el aseguramiento del arma corta, cuatro cargadores y 33 cartuchos \u00fatiles.<\/p>\n\n\n\n<p>Adem\u00e1s, los uniformados capitalinos le aseguraron al hermano de Caro Quintero un paquete confeccionado, el cual conten\u00eda cerca de ocho kil\u00f3gramos de marihuana, as\u00ed como 124 dosis de coca\u00edna.<\/p>\n\n\n\n<p>Carlos \u2018N\u2019, de 61 a\u00f1os de edad, fue puesto a disposici\u00f3n de un Ministerio P\u00fablico de la Fiscal\u00eda General de Justicia (FGJ) de la Ciudad de M\u00e9xico, quien ser\u00e1 el encargado de determinar su situaci\u00f3n legal.<\/p>\n\n\n\n<p>A trav\u00e9s de su cuenta oficial de Twitter, el secretario de Seguridad Ciudadana de la Ciudad de M\u00e9xico, Omar Garc\u00eda Harfuch, dio a conocer la detenci\u00f3n de Carlos \u2018N\u2019, asegurando que presuntamente forma parte de un grupo delincuencial que opera en el norte de M\u00e9xico.<br>Rafael Caro Quintero y su otro hermano criminal<\/p>\n\n\n\n<p>Pese a que la familia de Rafael Caro Quintero est\u00e1 relacionada con el crimen organizado, desde sus t\u00edos hasta su sobrino, hay otro hermano, adem\u00e1s de Carlos, al que tambi\u00e9n se le relaciona con la delincuencia. Se trata de Miguel \u00c1ngel.<\/p>\n\n\n\n<p>De acuerdo con la DEA, Miguel \u00c1ngel tom\u00f3 el control del C\u00e1rtel de Caborca tras la detenci\u00f3n de Rafael Caro Quintero, por lo que se convirti\u00f3 en el responsable del tr\u00e1fico de varias toneladas de coca\u00edna, hero\u00edna y marihuana hacia los Estados Unidos.<\/p>\n","protected":false},"excerpt":{"rendered":"<p>martes, 7 de febrero de 2023 El hermano de Rafael Caro Quintero fue detenido por&#8230;<\/p>\n","protected":false},"author":3,"featured_media":56228,"comment_status":"closed","ping_status":"closed","sticky":false,"template":"","format":"standard","meta":{"footnotes":""},"categories":[2],"tags":[],"class_list":["post-56227","post","type-post","status-publish","format-standard","has-post-thumbnail","hentry","category-policiaca"],"_links":{"self":[{"href":"https:\/\/bambapolitica.com.mx\/index.php\/wp-json\/wp\/v2\/posts\/56227","targetHints":{"allow":["GET"]}}],"collection":[{"href":"https:\/\/bambapolitica.com.mx\/index.php\/wp-json\/wp\/v2\/posts"}],"about":[{"href":"https:\/\/bambapolitica.com.mx\/index.php\/wp-json\/wp\/v2\/types\/post"}],"author":[{"embeddable":true,"href":"https:\/\/bambapolitica.com.mx\/index.php\/wp-json\/wp\/v2\/users\/3"}],"replies":[{"embeddable":true,"href":"https:\/\/bambapolitica.com.mx\/index.php\/wp-json\/wp\/v2\/comments?post=56227"}],"version-history":[{"count":1,"href":"https:\/\/bambapolitica.com.mx\/index.php\/wp-json\/wp\/v2\/posts\/56227\/revisions"}],"predecessor-version":[{"id":56229,"href":"https:\/\/bambapolitica.com.mx\/index.php\/wp-json\/wp\/v2\/posts\/56227\/revisions\/56229"}],"wp:featuredmedia":[{"embeddable":true,"href":"https:\/\/bambapolitica.com.mx\/index.php\/wp-json\/wp\/v2\/media\/56228"}],"wp:attachment":[{"href":"https:\/\/bambapolitica.com.mx\/index.php\/wp-json\/wp\/v2\/media?parent=56227"}],"wp:term":[{"taxonomy":"category","embeddable":true,"href":"https:\/\/bambapolitica.com.mx\/index.php\/wp-json\/wp\/v2\/categories?post=56227"},{"taxonomy":"post_tag","embeddable":true,"href":"https:\/\/bambapolitica.com.mx\/index.php\/wp-json\/wp\/v2\/tags?post=56227"}],"curies":[{"name":"wp","href":"https:\/\/api.w.org\/{rel}","templated":true}]}}