{"id":56230,"date":"2023-02-07T10:20:08","date_gmt":"2023-02-07T16:20:08","guid":{"rendered":"http:\/\/bambapolitica.com.mx\/?p=56230"},"modified":"2023-02-07T10:20:11","modified_gmt":"2023-02-07T16:20:11","slug":"asciende-a-5-mil-200-cifra-de-muertos-en-siria-y-turquia-por-terremotos","status":"publish","type":"post","link":"https:\/\/bambapolitica.com.mx\/index.php\/2023\/02\/07\/asciende-a-5-mil-200-cifra-de-muertos-en-siria-y-turquia-por-terremotos\/","title":{"rendered":"Asciende a 5 mil 200 cifra de muertos en Siria y Turqu\u00eda por terremotos"},"content":{"rendered":"\n<p>martes, 7 de febrero de 2023<\/p>\n\n\n\n<p>Hasta el momento, los equipos de rescate han podido sacar con vida a unas 8 mil personas de entre los escombros en Turqu\u00eda<br>Al menos 5 mil 261 personas han muerto y casi 26 mil han resultado heridas en Turqu\u00eda y Siria debido a los dos devastadores terremotos del lunes, mientras contin\u00faan las labores de rescate con el temor de que haya a\u00fan cientos o miles de personas atrapadas bajo los escombros.<\/p>\n\n\n\n<p>En Turqu\u00eda, donde tuvieron su epicentro los temblores de magnitud 7.7 y 7.6, el recuento oficial habla ya de 3 mil 549 muertos y 22 mil heridos.<br>Hasta el momento, los equipos de rescate han podido sacar con vida a unas 8 mil personas de entre los escombros de los miles de edificios que se han derrumbado.<\/p>\n\n\n\n<p>Ante esta cat\u00e1strofe, el Gobierno turco del presidente Recep Tayyip Erdogan ha declarado tres meses de estado de emergencia en las diez provincias afectadas.<\/p>\n\n\n\n<p>Durante la ma\u00f1ana del martes se ha seguido localizando a personas con vida en varias de las diez provincias del sureste turco m\u00e1s afectadas por el desastre.<\/p>\n\n\n\n<p>En Siria, inmersa en una guerra civil desde hace m\u00e1s de una d\u00e9cada, la informaci\u00f3n sobre v\u00edctimas proviene, por un lado, del Gobierno de Bachar al Asad y, por otro, del \u00faltimo enclave del pa\u00eds controlado por la oposici\u00f3n, rodeado por fuerzas gubernamentales apoyadas por Rusia.<\/p>\n\n\n\n<p>El recuento total se\u00f1ala que en este pa\u00eds han muerto mil 712 personas y otras 3 mil 749 han resultado heridas.<\/p>\n\n\n\n<p>Los Cascos Blancos, un grupo de rescatistas que opera en las \u00e1reas en manos de la oposici\u00f3n, alert\u00f3 este martes de que \u201cse est\u00e1 agotando el tiempo\u201d y record\u00f3 que \u201ccientos\u201d de personas contin\u00faan atrapadas.<\/p>\n\n\n\n<p>\u201cCada segundo puede salvar una vida, llamamos a todas las organizaciones humanitarias y organismos internacionales a que proporcionen apoyo material y ayuda\u201d, urgieron los voluntarios en su cuenta de Twitter.<br>En Turqu\u00eda, el Gobierno ha informado de que unas 50 mil personas est\u00e1n colaborando en las tareas de rescate y, adem\u00e1s, m\u00e1s de 2 mil 700 rescatistas de 65 pa\u00edses han llegado o van de camino a las zonas m\u00e1s afectadas.<\/p>\n\n\n\n<p>Las bajas temperaturas y la nieve en la zona, donde tambi\u00e9n hay territorios monta\u00f1osos de dif\u00edcil acceso, complican las tareas de rescate.<\/p>\n\n\n\n<p>Tambi\u00e9n a Siria han llegado dos aviones iraqu\u00edes, uno iran\u00ed, uno argelino y uno ruso cargados de suministros para los afectados por el sismo, los primeros env\u00edos de ayuda internacional recibidos por el Gobierno sirio para hacer frente al desastre, inform\u00f3 este martes la agencia oficial de noticias siria SANA.<\/p>\n\n\n\n<p>Las autoridades turcas han logrado realojar en edificios p\u00fablicos a unas 380 mil personas, y han organizado el traslado de heridos por v\u00eda a\u00e9rea y mediante barcos a otras provincias.<\/p>\n\n\n\n<p>Ya antes de los se\u00edsmos, Siria sufr\u00eda su peor crisis humanitaria desde el estallido de las revueltas contra Damasco en 2011 y el posterior inicio de la guerra, con el 90 por ciento de la poblaci\u00f3n sumida en la pobreza, desabastecimientos de productos b\u00e1sicos y millones de personas desplazadas.<\/p>\n\n\n\n<p>Adem\u00e1s, se ha iniciado la evacuaci\u00f3n controlada de las provincias afectadas, donde viven unos 13 millones de personas.<\/p>\n\n\n\n<p>El Gobierno turco ha destinado 12.1 millones de euros en fondos urgentes para las diez provincias m\u00e1s afectadas.<\/p>\n\n\n\n<p>Seg\u00fan Afad, la agencia de emergencias de Turqu\u00eda, la zona afectada tiene unos 110 mil kil\u00f3metros cuadrados.<\/p>\n\n\n\n<p>Erdogan asegur\u00f3 que estos terremotos suponen el mayor desastre sufrido por el pa\u00eds desde el se\u00edsmo de 1939 en Erzincan, en el este de Turqu\u00eda, que dej\u00f3 m\u00e1s de 32 mil muertos y provoc\u00f3 un tsunami en el mar Negro, situado a unos 160 kil\u00f3metros del epicentro.<\/p>\n\n\n\n<p>El jefe del Estado decret\u00f3 ayer siete d\u00edas de luto nacional, y se han cerrado durante una semana los colegios en las provincias afectadas.<\/p>\n\n\n\n<p>Adem\u00e1s, se han suspendido hasta nuevo aviso todas las competiciones deportivas.<\/p>\n","protected":false},"excerpt":{"rendered":"<p>martes, 7 de febrero de 2023 Hasta el momento, los equipos de rescate han podido&#8230;<\/p>\n","protected":false},"author":3,"featured_media":56231,"comment_status":"closed","ping_status":"closed","sticky":false,"template":"","format":"standard","meta":{"footnotes":""},"categories":[5],"tags":[],"class_list":["post-56230","post","type-post","status-publish","format-standard","has-post-thumbnail","hentry","category-internacional"],"_links":{"self":[{"href":"https:\/\/bambapolitica.com.mx\/index.php\/wp-json\/wp\/v2\/posts\/56230","targetHints":{"allow":["GET"]}}],"collection":[{"href":"https:\/\/bambapolitica.com.mx\/index.php\/wp-json\/wp\/v2\/posts"}],"about":[{"href":"https:\/\/bambapolitica.com.mx\/index.php\/wp-json\/wp\/v2\/types\/post"}],"author":[{"embeddable":true,"href":"https:\/\/bambapolitica.com.mx\/index.php\/wp-json\/wp\/v2\/users\/3"}],"replies":[{"embeddable":true,"href":"https:\/\/bambapolitica.com.mx\/index.php\/wp-json\/wp\/v2\/comments?post=56230"}],"version-history":[{"count":1,"href":"https:\/\/bambapolitica.com.mx\/index.php\/wp-json\/wp\/v2\/posts\/56230\/revisions"}],"predecessor-version":[{"id":56232,"href":"https:\/\/bambapolitica.com.mx\/index.php\/wp-json\/wp\/v2\/posts\/56230\/revisions\/56232"}],"wp:featuredmedia":[{"embeddable":true,"href":"https:\/\/bambapolitica.com.mx\/index.php\/wp-json\/wp\/v2\/media\/56231"}],"wp:attachment":[{"href":"https:\/\/bambapolitica.com.mx\/index.php\/wp-json\/wp\/v2\/media?parent=56230"}],"wp:term":[{"taxonomy":"category","embeddable":true,"href":"https:\/\/bambapolitica.com.mx\/index.php\/wp-json\/wp\/v2\/categories?post=56230"},{"taxonomy":"post_tag","embeddable":true,"href":"https:\/\/bambapolitica.com.mx\/index.php\/wp-json\/wp\/v2\/tags?post=56230"}],"curies":[{"name":"wp","href":"https:\/\/api.w.org\/{rel}","templated":true}]}}