{"id":56236,"date":"2023-02-07T10:24:45","date_gmt":"2023-02-07T16:24:45","guid":{"rendered":"http:\/\/bambapolitica.com.mx\/?p=56236"},"modified":"2023-02-07T10:24:47","modified_gmt":"2023-02-07T16:24:47","slug":"otros-cuatro-sacerdotes-son-condenados-a-10-anos-de-prision-en-nicaragua","status":"publish","type":"post","link":"https:\/\/bambapolitica.com.mx\/index.php\/2023\/02\/07\/otros-cuatro-sacerdotes-son-condenados-a-10-anos-de-prision-en-nicaragua\/","title":{"rendered":"Otros cuatro sacerdotes son condenados a 10 a\u00f1os de prisi\u00f3n en Nicaragua"},"content":{"rendered":"\n<p>martes, 7 de febrero de 2023<\/p>\n\n\n\n<p>Los sacerdotes fueron acusados de delitos considerados \u201ctraici\u00f3n a la patria\u201d, as\u00ed como a la inhabilitaci\u00f3n \u201cperpetua de sus derechos ciudadanos\u201d<\/p>\n\n\n\n<p><br>Cuatro sacerdotes cat\u00f3licos, dos seminaristas y un camar\u00f3grafo de la di\u00f3cesis de Matagalpa, norte de Nicaragua, fueron condenados a 10 a\u00f1os de prisi\u00f3n por delitos considerados \u201ctraici\u00f3n a la patria\u201c, as\u00ed como a la inhabilitaci\u00f3n \u201cperpetua de sus derechos ciudadanos\u201c, inform\u00f3 la Unidad de Defensa Jur\u00eddica.<br>Los sentenciados son los sacerdotes Ramiro Tijerino, rector de la Universidad Juan Pablo II y encargado de la parroquia San Juan Bautista; Jos\u00e9 Luis D\u00edaz y Sadiel Eugarrios, primer y segundo vicario de la catedral Matagalpa de San Pedro, respectivamente, y el di\u00e1cono Ra\u00fal Vega Gonz\u00e1lez.<\/p>\n\n\n\n<p>Tambi\u00e9n los seminaristas Darvin Leiva Mendoza y Melkin Centeno, y al camar\u00f3grafo Sergio C\u00e1rdenas.<\/p>\n\n\n\n<p>Los presb\u00edteros y el laico, quienes se encuentran detenidos desde el 19 de agosto pasado, fueron sentenciados por la jueza Nadia Camila Tardencilla, titular del Juzgado Segundo Distrito de los Penal de Managua, en una audiencia celebrada a puertas cerrada, indic\u00f3 la Unidad de Defensa Jur\u00eddica, integrado por abogados que defienden a los religiosos.<\/p>\n\n\n\n<p>En la \u00faltima semana tambi\u00e9n fue condenado a 10 a\u00f1os de prisi\u00f3n por delitos considerados \u201ctraici\u00f3n a la patria\u201d el presb\u00edtero \u00d3scar Danilo Benavidez D\u00e1vila, p\u00e1rroco de la parroquia Esp\u00edritu Santo, en el municipio de Mulukuku, en la Regi\u00f3n Aut\u00f3noma del Caribe Norte de Nicaragua.<\/p>\n\n\n\n<p>Seg\u00fan la sentencia, la jueza Tardencilla impuso al grupo de religiosos cinco a\u00f1os de c\u00e1rcel por el delito de conspiraci\u00f3n para cometer menoscabo a la integridad nacional, y otros cinco por el delito de propagaci\u00f3n de noticias falsas, ambos en perjuicio del Estado de Nicaragua y la sociedad, adem\u00e1s de las \u201cpenas accesorias\u201d, detall\u00f3 la Unidad de Defensa Jur\u00eddica.<\/p>\n\n\n\n<p>Las penas accesorias, seg\u00fan ese grupo de abogados, consisten en \u201c800 d\u00edas multas, inhabilitaci\u00f3n de forma perpetua para ejercer la funci\u00f3n p\u00fablica en nombre o al servicio del Estado de Nicaragua, as\u00ed como ejercer cargos de elecci\u00f3n popular e inhabilitaci\u00f3n perpetua de sus derechos ciudadanos\u201d.<\/p>\n\n\n\n<p>El Centro Nicarag\u00fcense de Derechos Humanos (Cenidh) calific\u00f3 de \u201caberraci\u00f3n jur\u00eddica\u201d el caso contra los religiosos, entre otras cosas porque \u201cse les inhabilit\u00f3 de por vida el ejercicio de cargos p\u00fablicos y de elecci\u00f3n popular\u201d.<\/p>\n\n\n\n<p>\u201cDesde Cenidh condenamos estas acciones perversas del r\u00e9gimen que violentan los derechos humanos. Exigimos libertad inmediata para ellos y todas las personas P.p. (presas pol\u00edticas)\u201d, demand\u00f3 la organizaci\u00f3n.<\/p>\n\n\n\n<p>El grupo de religiosos y laicos, junto al obispo Rolando \u00c1lvarez, fueron detenidos la madrugada del viernes 19 de agosto por agentes policiales en el palacio episcopal de la di\u00f3cesis de Matagalpa, despu\u00e9s de haber estado 15 d\u00edas confinados, y desde entonces se encuentran en la c\u00e1rcel policial \u2018El Chipote\u2019, oficialmente conocida como la Direcci\u00f3n de Auxilio Judicial, con excepci\u00f3n del obispo que se encuentra bajo \u201cresguardo domiciliar\u201d.<\/p>\n\n\n\n<p>\u00c1lvarez, de 56 a\u00f1os y muy cr\u00edtico con el Gobierno de Daniel Ortega, enfrentar\u00e1 el juicio para responder por los mismos delitos que los sacerdotes el pr\u00f3ximo 28 de marzo.<\/p>\n\n\n\n<p>El jerarca, quien ha sido presentado sin su vestimenta religiosa en las audiencias, es el primer obispo arrestado y acusado desde que Ortega retorn\u00f3 al poder en Nicaragua en 2007.<\/p>\n\n\n\n<p>El presidente Ortega tild\u00f3 de \u201cterroristas\u201d a los obispos nicarag\u00fcenses que actuaron como mediadores de un di\u00e1logo nacional con el que se buscaba una salida pac\u00edfica a la crisis que vive el pa\u00eds desde abril de 2018.<\/p>\n\n\n\n<p>Las relaciones entre los sandinistas y la Iglesia cat\u00f3lica de Nicaragua han estado marcadas por roces y desconfianzas en los \u00faltimos 43 a\u00f1os y medio.<\/p>\n","protected":false},"excerpt":{"rendered":"<p>martes, 7 de febrero de 2023 Los sacerdotes fueron acusados de delitos considerados \u201ctraici\u00f3n a&#8230;<\/p>\n","protected":false},"author":3,"featured_media":56237,"comment_status":"closed","ping_status":"closed","sticky":false,"template":"","format":"standard","meta":{"footnotes":""},"categories":[5],"tags":[],"class_list":["post-56236","post","type-post","status-publish","format-standard","has-post-thumbnail","hentry","category-internacional"],"_links":{"self":[{"href":"https:\/\/bambapolitica.com.mx\/index.php\/wp-json\/wp\/v2\/posts\/56236","targetHints":{"allow":["GET"]}}],"collection":[{"href":"https:\/\/bambapolitica.com.mx\/index.php\/wp-json\/wp\/v2\/posts"}],"about":[{"href":"https:\/\/bambapolitica.com.mx\/index.php\/wp-json\/wp\/v2\/types\/post"}],"author":[{"embeddable":true,"href":"https:\/\/bambapolitica.com.mx\/index.php\/wp-json\/wp\/v2\/users\/3"}],"replies":[{"embeddable":true,"href":"https:\/\/bambapolitica.com.mx\/index.php\/wp-json\/wp\/v2\/comments?post=56236"}],"version-history":[{"count":1,"href":"https:\/\/bambapolitica.com.mx\/index.php\/wp-json\/wp\/v2\/posts\/56236\/revisions"}],"predecessor-version":[{"id":56238,"href":"https:\/\/bambapolitica.com.mx\/index.php\/wp-json\/wp\/v2\/posts\/56236\/revisions\/56238"}],"wp:featuredmedia":[{"embeddable":true,"href":"https:\/\/bambapolitica.com.mx\/index.php\/wp-json\/wp\/v2\/media\/56237"}],"wp:attachment":[{"href":"https:\/\/bambapolitica.com.mx\/index.php\/wp-json\/wp\/v2\/media?parent=56236"}],"wp:term":[{"taxonomy":"category","embeddable":true,"href":"https:\/\/bambapolitica.com.mx\/index.php\/wp-json\/wp\/v2\/categories?post=56236"},{"taxonomy":"post_tag","embeddable":true,"href":"https:\/\/bambapolitica.com.mx\/index.php\/wp-json\/wp\/v2\/tags?post=56236"}],"curies":[{"name":"wp","href":"https:\/\/api.w.org\/{rel}","templated":true}]}}