{"id":56239,"date":"2023-02-07T10:27:14","date_gmt":"2023-02-07T16:27:14","guid":{"rendered":"http:\/\/bambapolitica.com.mx\/?p=56239"},"modified":"2023-02-07T10:27:16","modified_gmt":"2023-02-07T16:27:16","slug":"dialogo-venezolano-se-retraso-por-trabas-de-ee-uu-segun-el-oficialismo","status":"publish","type":"post","link":"https:\/\/bambapolitica.com.mx\/index.php\/2023\/02\/07\/dialogo-venezolano-se-retraso-por-trabas-de-ee-uu-segun-el-oficialismo\/","title":{"rendered":"Di\u00e1logo venezolano se retras\u00f3 por trabas de EE.UU., seg\u00fan el oficialismo"},"content":{"rendered":"\n<p>martes, 7 de febrero de 2023<\/p>\n\n\n\n<p>Las delegaciones del chavismo y la oposici\u00f3n se han acusado mutuamente de obstaculizar el cumplimiento de lo acordado en las negociaciones en M\u00e9xico<br>El presidente del Parlamento de Venezuela, Jorge Rodr\u00edguez, jefe de la delegaci\u00f3n oficialista en el di\u00e1logo con la oposici\u00f3n, asegur\u00f3 que el cumplimiento de lo acordado en la mesa de negociaciones, en M\u00e9xico, se ha retrasado debido a trabas impuestas por Estados Unidos.<\/p>\n\n\n\n<p>\u201cDespu\u00e9s de que firmamos (en noviembre pasado), empieza esa actitud ambivalente que uno nota en algunos sectores de la Administraci\u00f3n (del presidente estadounidense, Joe) Biden\u201d, dijo el legislador en una entrevista con el canal privado Globovisi\u00f3n.<\/p>\n\n\n\n<p>Explic\u00f3 que las partes est\u00e1n \u201cen el proceso de ver c\u00f3mo se cumple\u201d con el acuerdo, que consiste en la creaci\u00f3n de un fondo fiduciario manejado por Naciones Unidas para invertir en \u00e1reas como la salud y la educaci\u00f3n partiendo de \u201c3 mil 250 millones de d\u00f3lares\u201d que pertenecen a Venezuela y que est\u00e1n congelados en el exterior.<\/p>\n\n\n\n<p>Luego de que se firmase el acuerdo, prosigui\u00f3 Rodr\u00edguez, el Ejecutivo estadounidense mand\u00f3 \u201cuna carta a Naciones Unidas diciendo\u201d que no estaba \u201cmuy de acuerdo\u201d con lo pactado, si bien el fondo no ha sido creado todav\u00eda y las partes a\u00fan est\u00e1n en fase de \u201cidentificaci\u00f3n\u201d de esos recursos en el extranjero.<\/p>\n\n\n\n<p>\u201cEstamos en el proceso de ver c\u00f3mo se cumple con eso, porque es una obligaci\u00f3n. Nosotros no estamos inventando nada, ni estamos pidiendo nada adicional, (sino) que se cumpla con lo que ya est\u00e1, para poder continuar con el proceso de M\u00e9xico. Si eso se da, y creo que estamos avanzando en algunos pasos en ese sentido, podemos, digamos, pasar a otra etapa de las conversaciones\u201d, agreg\u00f3.<\/p>\n\n\n\n<p>En las \u00faltimas semanas, las delegaciones del chavismo y la oposici\u00f3n se han acusado mutuamente de obstaculizar el cumplimiento de lo acordado, lo que mantiene en suspenso la continuidad de las conversaciones en M\u00e9xico.<\/p>\n","protected":false},"excerpt":{"rendered":"<p>martes, 7 de febrero de 2023 Las delegaciones del chavismo y la oposici\u00f3n se han&#8230;<\/p>\n","protected":false},"author":3,"featured_media":56240,"comment_status":"closed","ping_status":"closed","sticky":false,"template":"","format":"standard","meta":{"footnotes":""},"categories":[5],"tags":[],"class_list":["post-56239","post","type-post","status-publish","format-standard","has-post-thumbnail","hentry","category-internacional"],"_links":{"self":[{"href":"https:\/\/bambapolitica.com.mx\/index.php\/wp-json\/wp\/v2\/posts\/56239","targetHints":{"allow":["GET"]}}],"collection":[{"href":"https:\/\/bambapolitica.com.mx\/index.php\/wp-json\/wp\/v2\/posts"}],"about":[{"href":"https:\/\/bambapolitica.com.mx\/index.php\/wp-json\/wp\/v2\/types\/post"}],"author":[{"embeddable":true,"href":"https:\/\/bambapolitica.com.mx\/index.php\/wp-json\/wp\/v2\/users\/3"}],"replies":[{"embeddable":true,"href":"https:\/\/bambapolitica.com.mx\/index.php\/wp-json\/wp\/v2\/comments?post=56239"}],"version-history":[{"count":1,"href":"https:\/\/bambapolitica.com.mx\/index.php\/wp-json\/wp\/v2\/posts\/56239\/revisions"}],"predecessor-version":[{"id":56241,"href":"https:\/\/bambapolitica.com.mx\/index.php\/wp-json\/wp\/v2\/posts\/56239\/revisions\/56241"}],"wp:featuredmedia":[{"embeddable":true,"href":"https:\/\/bambapolitica.com.mx\/index.php\/wp-json\/wp\/v2\/media\/56240"}],"wp:attachment":[{"href":"https:\/\/bambapolitica.com.mx\/index.php\/wp-json\/wp\/v2\/media?parent=56239"}],"wp:term":[{"taxonomy":"category","embeddable":true,"href":"https:\/\/bambapolitica.com.mx\/index.php\/wp-json\/wp\/v2\/categories?post=56239"},{"taxonomy":"post_tag","embeddable":true,"href":"https:\/\/bambapolitica.com.mx\/index.php\/wp-json\/wp\/v2\/tags?post=56239"}],"curies":[{"name":"wp","href":"https:\/\/api.w.org\/{rel}","templated":true}]}}