{"id":56242,"date":"2023-02-07T10:29:45","date_gmt":"2023-02-07T16:29:45","guid":{"rendered":"http:\/\/bambapolitica.com.mx\/?p=56242"},"modified":"2023-02-07T10:29:48","modified_gmt":"2023-02-07T16:29:48","slug":"china-da-explicaciones-a-costa-rica-por-incidente-de-globo-cientifico","status":"publish","type":"post","link":"https:\/\/bambapolitica.com.mx\/index.php\/2023\/02\/07\/china-da-explicaciones-a-costa-rica-por-incidente-de-globo-cientifico\/","title":{"rendered":"China da explicaciones a Costa Rica por incidente de globo \u201ccient\u00edfico\u201d"},"content":{"rendered":"\n<p>martes, 7 de febrero de 2023<\/p>\n\n\n\n<p>El Gobierno de China se\u00f1al\u00f3 que la presencia del globo en el espacio a\u00e9reo de Costa Rica se debi\u00f3 a que sufri\u00f3 un desv\u00edo por las condiciones meteorol\u00f3gicas<\/p>\n\n\n\n<p><br>El Gobierno de China lament\u00f3 el incidente registrado la semana pasada cuando un globo \u201ccivil\u201d y con fines \u201ccient\u00edficos\u201d sobrevol\u00f3 el espacio a\u00e9reo de Costa Rica, inform\u00f3 la Canciller\u00eda costarricense.<\/p>\n\n\n\n<p>\u201cEl Ministerio de Relaciones Exteriores de China, a trav\u00e9s de su Embajada en San Jos\u00e9, lament\u00f3 el incidente registrado\u201d, indica un comunicado de la Canciller\u00eda de Costa Rica.<\/p>\n\n\n\n<p>El texto agrega que la embajada de China \u201creiter\u00f3 que el globo que fue observado desde diversos puntos del territorio nacional era de car\u00e1cter civil y ten\u00eda fines cient\u00edficos, principalmente meteorol\u00f3gicos\u201d y tambi\u00e9n asegur\u00f3 que \u201cel objeto no represent\u00f3 amenaza alguna para ning\u00fan pa\u00eds\u201d.<\/p>\n\n\n\n<p>Las explicaciones del Gobierno chino a\u00f1aden que la presencia del globo en el espacio a\u00e9reo costarricense \u201cse debi\u00f3 a que sufri\u00f3 un desv\u00edo de la ruta programada debido a las condiciones meteorol\u00f3gicas y la capacidad limitada de autodirecci\u00f3n\u201d.<\/p>\n\n\n\n<p>La Canciller\u00eda inform\u00f3 que tom\u00f3 nota de las explicaciones y enfatiz\u00f3 en que es una prioridad del Gobierno costarricense \u201cmantener su misi\u00f3n de resguardar la soberan\u00eda nacional, exigiendo a la comunidad internacional el respeto irrestricto al derecho internacional, a la soberan\u00eda y la integridad territorial.<\/p>\n\n\n\n<p>El globo fue observado en diversas partes de Costa Rica el pasado jueves, sin que las autoridades tuvieran informaci\u00f3n sobre el origen del globo ese d\u00eda.<\/p>\n\n\n\n<p>El Gobierno chino afirm\u00f3 en Beijing que los pa\u00edses latinoamericanos por los que sobrevol\u00f3 la segunda aeronave china detectada por el Pent\u00e1gono estadounidense \u201centienden\u201d que no \u201crepresenta ninguna amenaza\u201d.<\/p>\n\n\n\n<p>Los pa\u00edses sobre los que se ha detectado el paso de la aeronave son Costa Rica, Colombia y Venezuela, seg\u00fan diferentes fuentes.<\/p>\n\n\n\n<p>El pasado viernes, el portavoz del Pent\u00e1gono, el general de brigada Patrick Ryder, anunci\u00f3 que Estados Unidos hab\u00eda detectado un segundo dirigible, tras el descubierto el jueves en el espacio a\u00e9reo estadounidense, pero sobre los cielos de Latinoam\u00e9rica.<\/p>\n\n\n\n<p>La crisis de los \u201cglobos esp\u00eda\u201d se agudiz\u00f3 este s\u00e1bado despu\u00e9s de que Estados Unidos derribara, por orden directa del presidente estadounidense, Joe Biden, la aeronave china que llevaba varios d\u00edas sobrevolando el pa\u00eds norteamericano.<\/p>\n\n\n\n<p>En respuesta a la maniobra, China expres\u00f3 una profunda \u201cinsatisfacci\u00f3n y protesta\u201d al considerar que Estados Unidos \u201csobrerreaccion\u00f3\u201d por usar la fuerza para abatir la aeronave que sobrevolaba su espacio a\u00e9reo.<\/p>\n\n\n\n<p>El descubrimiento del primero de estos \u201cglobos esp\u00edas\u201d en el espacio a\u00e9reo estadounidense ha desencadenado una crisis diplom\u00e1tica entre Washington y Beijing y ha motivado la suspensi\u00f3n del viaje que el secretario de Estado, Antony Blinken, ten\u00eda previsto hacer al pa\u00eds asi\u00e1tico el pasado fin de semana.<\/p>\n","protected":false},"excerpt":{"rendered":"<p>martes, 7 de febrero de 2023 El Gobierno de China se\u00f1al\u00f3 que la presencia del&#8230;<\/p>\n","protected":false},"author":3,"featured_media":56243,"comment_status":"closed","ping_status":"closed","sticky":false,"template":"","format":"standard","meta":{"footnotes":""},"categories":[5],"tags":[],"class_list":["post-56242","post","type-post","status-publish","format-standard","has-post-thumbnail","hentry","category-internacional"],"_links":{"self":[{"href":"https:\/\/bambapolitica.com.mx\/index.php\/wp-json\/wp\/v2\/posts\/56242","targetHints":{"allow":["GET"]}}],"collection":[{"href":"https:\/\/bambapolitica.com.mx\/index.php\/wp-json\/wp\/v2\/posts"}],"about":[{"href":"https:\/\/bambapolitica.com.mx\/index.php\/wp-json\/wp\/v2\/types\/post"}],"author":[{"embeddable":true,"href":"https:\/\/bambapolitica.com.mx\/index.php\/wp-json\/wp\/v2\/users\/3"}],"replies":[{"embeddable":true,"href":"https:\/\/bambapolitica.com.mx\/index.php\/wp-json\/wp\/v2\/comments?post=56242"}],"version-history":[{"count":1,"href":"https:\/\/bambapolitica.com.mx\/index.php\/wp-json\/wp\/v2\/posts\/56242\/revisions"}],"predecessor-version":[{"id":56244,"href":"https:\/\/bambapolitica.com.mx\/index.php\/wp-json\/wp\/v2\/posts\/56242\/revisions\/56244"}],"wp:featuredmedia":[{"embeddable":true,"href":"https:\/\/bambapolitica.com.mx\/index.php\/wp-json\/wp\/v2\/media\/56243"}],"wp:attachment":[{"href":"https:\/\/bambapolitica.com.mx\/index.php\/wp-json\/wp\/v2\/media?parent=56242"}],"wp:term":[{"taxonomy":"category","embeddable":true,"href":"https:\/\/bambapolitica.com.mx\/index.php\/wp-json\/wp\/v2\/categories?post=56242"},{"taxonomy":"post_tag","embeddable":true,"href":"https:\/\/bambapolitica.com.mx\/index.php\/wp-json\/wp\/v2\/tags?post=56242"}],"curies":[{"name":"wp","href":"https:\/\/api.w.org\/{rel}","templated":true}]}}