{"id":56262,"date":"2023-02-08T08:36:25","date_gmt":"2023-02-08T14:36:25","guid":{"rendered":"http:\/\/bambapolitica.com.mx\/?p=56262"},"modified":"2023-02-08T08:36:27","modified_gmt":"2023-02-08T14:36:27","slug":"amlo-revela-que-eu-reclamo-a-mexico-por-campana-contra-el-fentanilo-en-donde-van-como-zombies","status":"publish","type":"post","link":"https:\/\/bambapolitica.com.mx\/index.php\/2023\/02\/08\/amlo-revela-que-eu-reclamo-a-mexico-por-campana-contra-el-fentanilo-en-donde-van-como-zombies\/","title":{"rendered":"AMLO revela que EU reclam\u00f3 a M\u00e9xico por campa\u00f1a contra el fentanilo en donde &#8220;van como zombies&#8221;"},"content":{"rendered":"\n<p>mi\u00e9rcoles, 8 de febrero de 2023<\/p>\n\n\n\n<p>Aunque en el pa\u00eds &#8220;no hay tanto consumo de drogas&#8221;, como refiri\u00f3 L\u00f3pez Obrador, indic\u00f3 que se va a reforzar la campa\u00f1a gubernamental de combate al consumo de \u00e9stas<br>El presidente Andr\u00e9s Manuel L\u00f3pez Obrador revel\u00f3 que en Estados Unidos se ofendieron y hubo incluso reclamos por los spots realizados por su gobierno en contra el consumo de fentanilo, pero advirti\u00f3 que su gobierno no pedir\u00e1 permiso para que se sigan difundiendo pues se\u00f1al\u00f3 que se tiene que garantizar a la poblaci\u00f3n el derecho a la informaci\u00f3n.<\/p>\n\n\n\n<p><br>En su ma\u00f1anera de este martes en Palacio Nacional, el presidente L\u00f3pez Obrador anunci\u00f3 que se va a reforzar la campa\u00f1a gubernamental de combate al consumo de drogas entre los j\u00f3venes.<br>\u201cHoy en la ma\u00f1ana acordamos de que vamos a iniciar una campa\u00f1a, ya est\u00e1 echada a andar una campa\u00f1a para inhibir el consumo de drogas, sobre todo de fentanilo, de los qu\u00edmicos porque eso es terrible, es muy grave, sobre todo en Estados Unidos, muy grave. Afortunadamente no es lo mismo en nuestro pa\u00eds.<br>\u201cAhora que sacamos unos mensajes, eso donde van como zombies, que hasta se ofendieron en Estados Unidos, que nos disculpen, pero nosotros no vamos a estar copiando eso, y no hay informaci\u00f3n suficiente. De las im\u00e1genes de la campa\u00f1a hubo reclamo, pero no vamos a andar pidiendo permiso, porque Incluso en las familias no se tiene toda la informaci\u00f3n y hay que garantizar el derecho a la informaci\u00f3n\u201d, asever\u00f3.<\/p>\n\n\n\n<p><br>En el sal\u00f3n Tesorer\u00eda de Palacio Nacional, el Presidente asegur\u00f3 que a diferencia de Estados Unidos, en M\u00e9xico no hay tanto consumo de drogas por \u201cnuestras tradiciones\u201d.<\/p>\n\n\n\n<p><br>\u201cNosotros tenemos protecci\u00f3n, con todo respeto, a nosotros nos protegen mucho nuestras culturas, nos protegen nuestras culturas, nuestras tradiciones, como actuamos familiarmente; un baluarte que nos protege, es la familia, ahora en todas sus manifestaciones, pero eso es importancia, los valores.<br>&#8220;Nosotros tenemos perdida de vida por enfrentamientos, por violencia, pero no tenemos la misma proporci\u00f3n de violencia que se da en otros pa\u00edses en cuanto a consumo, o sea, los que pierden la vida por sobredosis, por el consumo de estos qu\u00edmicos, en otro pa\u00edses es much\u00edsimo mayor, lamentablemente, que lo que sucede en M\u00e9xico. Por nuestras tradiciones no hay tanto consumo interno a las drogas\u201d, afirm\u00f3.<\/p>\n","protected":false},"excerpt":{"rendered":"<p>mi\u00e9rcoles, 8 de febrero de 2023 Aunque en el pa\u00eds &#8220;no hay tanto consumo de&#8230;<\/p>\n","protected":false},"author":3,"featured_media":56263,"comment_status":"closed","ping_status":"closed","sticky":false,"template":"","format":"standard","meta":{"footnotes":""},"categories":[4],"tags":[],"class_list":["post-56262","post","type-post","status-publish","format-standard","has-post-thumbnail","hentry","category-noticias-del-dia"],"_links":{"self":[{"href":"https:\/\/bambapolitica.com.mx\/index.php\/wp-json\/wp\/v2\/posts\/56262","targetHints":{"allow":["GET"]}}],"collection":[{"href":"https:\/\/bambapolitica.com.mx\/index.php\/wp-json\/wp\/v2\/posts"}],"about":[{"href":"https:\/\/bambapolitica.com.mx\/index.php\/wp-json\/wp\/v2\/types\/post"}],"author":[{"embeddable":true,"href":"https:\/\/bambapolitica.com.mx\/index.php\/wp-json\/wp\/v2\/users\/3"}],"replies":[{"embeddable":true,"href":"https:\/\/bambapolitica.com.mx\/index.php\/wp-json\/wp\/v2\/comments?post=56262"}],"version-history":[{"count":1,"href":"https:\/\/bambapolitica.com.mx\/index.php\/wp-json\/wp\/v2\/posts\/56262\/revisions"}],"predecessor-version":[{"id":56264,"href":"https:\/\/bambapolitica.com.mx\/index.php\/wp-json\/wp\/v2\/posts\/56262\/revisions\/56264"}],"wp:featuredmedia":[{"embeddable":true,"href":"https:\/\/bambapolitica.com.mx\/index.php\/wp-json\/wp\/v2\/media\/56263"}],"wp:attachment":[{"href":"https:\/\/bambapolitica.com.mx\/index.php\/wp-json\/wp\/v2\/media?parent=56262"}],"wp:term":[{"taxonomy":"category","embeddable":true,"href":"https:\/\/bambapolitica.com.mx\/index.php\/wp-json\/wp\/v2\/categories?post=56262"},{"taxonomy":"post_tag","embeddable":true,"href":"https:\/\/bambapolitica.com.mx\/index.php\/wp-json\/wp\/v2\/tags?post=56262"}],"curies":[{"name":"wp","href":"https:\/\/api.w.org\/{rel}","templated":true}]}}