{"id":56265,"date":"2023-02-08T08:39:19","date_gmt":"2023-02-08T14:39:19","guid":{"rendered":"http:\/\/bambapolitica.com.mx\/?p=56265"},"modified":"2023-02-08T08:39:20","modified_gmt":"2023-02-08T14:39:20","slug":"es-la-militancia-priista-la-prueba-de-que-el-revolucionario-institucional-esta-unido-y-fuerte-alejandra-del-moral","status":"publish","type":"post","link":"https:\/\/bambapolitica.com.mx\/index.php\/2023\/02\/08\/es-la-militancia-priista-la-prueba-de-que-el-revolucionario-institucional-esta-unido-y-fuerte-alejandra-del-moral\/","title":{"rendered":"ES LA MILITANCIA PRIISTA LA PRUEBA DE QUE EL REVOLUCIONARIO INSTITUCIONAL EST\u00c1 UNIDO Y FUERTE: ALEJANDRA DEL MORAL"},"content":{"rendered":"\n<p>mi\u00e9rcoles, 8 de febrero de 2023<\/p>\n\n\n\n<p>Los militantes del PRI han logrado crear la precampa\u00f1a interna de este partido, en un movimiento ciudadano, expres\u00f3 la precandidata a la gubernatura del Estado de M\u00e9xico.<br>Se\u00f1ala que la reconciliaci\u00f3n de M\u00e9xico empieza por el Edom\u00e9x.<\/p>\n\n\n\n<p><br>El priismo mexiquense es la prueba de que el Partido Revolucionario Institucional (PRI) est\u00e1 m\u00e1s fuerte y unido que nunca, lo que ha permitido que la precampa\u00f1a se convierta en un movimiento ciudadano, se\u00f1al\u00f3 la precandidata priista a la gubernatura del Estado de M\u00e9xico, Alejandra Del Moral Vela.<br>\u201cUstedes son la muestra de que el PRI del Estado de M\u00e9xico est\u00e1 m\u00e1s fuerte y unido que nunca\u201d, afirm\u00f3 ante militantes del tricolor de Cuautitl\u00e1n y Tultepec.<\/p>\n\n\n\n<p><br>\u201cLo que hemos logrado en esta precampa\u00f1a, gracias a todas y todos los militantes, simpatizantes, delegadas y delegados del PRI, es impresionante, es formidable, logramos hacer en una precampa\u00f1a un movimiento ciudadano real\u201d, agreg\u00f3.<\/p>\n\n\n\n<p><br>Alejandra Del Moral sostuvo que el proyecto que encabeza es plural y se escuchan las voces de todos, por lo que invit\u00f3 a la militancia del Revolucionario Institucional a acompa\u00f1arla el pr\u00f3ximo 12 de febrero a la Convenci\u00f3n de Delegados, donde el PRI decidir\u00e1 la candidatura para el Gobierno del Estado de M\u00e9xico.<br>\u201cVamos a demostrar en los pr\u00f3ximos d\u00edas que s\u00ed es posible hacer un gobierno valiente, que s\u00ed es posible que una mujer logre hacer un gobierno valiente, que todas y todos estemos incluidos, estemos sumados, porque este es el proyecto de la unidad y no el de la divisi\u00f3n, este es el proyecto del amor y no del odio, este es el proyecto de los mexiquenses\u201d, asegur\u00f3.<\/p>\n\n\n\n<p><br>La precandidata priista puntualiz\u00f3 que este proyecto va m\u00e1s all\u00e1 de colores partidistas y ve por las familias y la hermandad del Estado de M\u00e9xico.<\/p>\n\n\n\n<p><br>\u201cQuiero pedirles, lo m\u00e1s importante, que este proyecto vaya m\u00e1s all\u00e1 de colores partidistas, este es el proyecto de nuestros hijos, este es el proyecto de nuestras familias y este es el proyecto de la alianza y de la hermandad por el Estado de M\u00e9xico\u201d, agreg\u00f3.<\/p>\n\n\n\n<p><br>Del Moral Vela indic\u00f3 que el futuro del pa\u00eds y del Revolucionario Institucional, pasa por el Estado de M\u00e9xico, y el priismo mexiquense tiene todo para salir adelante.<br>\u201cNos vamos a jugar el futuro del Estado de M\u00e9xico y vamos a poner el primer paso para el futuro del pa\u00eds\u201d, destac\u00f3.<\/p>\n\n\n\n<p><br>\u201cTenemos todo para lograr el triunfo, todo, tenemos partido y liderazgos, tenemos un proyecto, tenemos una alianza y tenemos aliados muy buenos\u201d, asever\u00f3.<\/p>\n\n\n\n<p><br>Asimismo, manifest\u00f3 que la reconciliaci\u00f3n de M\u00e9xico empieza por el Edom\u00e9x, por lo que caminar\u00e1 el territorio mexiquense hombro con hombro y codo con codo, con la militancia tricolor.<\/p>\n","protected":false},"excerpt":{"rendered":"<p>mi\u00e9rcoles, 8 de febrero de 2023 Los militantes del PRI han logrado crear la precampa\u00f1a&#8230;<\/p>\n","protected":false},"author":3,"featured_media":56266,"comment_status":"closed","ping_status":"closed","sticky":false,"template":"","format":"standard","meta":{"footnotes":""},"categories":[4],"tags":[],"class_list":["post-56265","post","type-post","status-publish","format-standard","has-post-thumbnail","hentry","category-noticias-del-dia"],"_links":{"self":[{"href":"https:\/\/bambapolitica.com.mx\/index.php\/wp-json\/wp\/v2\/posts\/56265","targetHints":{"allow":["GET"]}}],"collection":[{"href":"https:\/\/bambapolitica.com.mx\/index.php\/wp-json\/wp\/v2\/posts"}],"about":[{"href":"https:\/\/bambapolitica.com.mx\/index.php\/wp-json\/wp\/v2\/types\/post"}],"author":[{"embeddable":true,"href":"https:\/\/bambapolitica.com.mx\/index.php\/wp-json\/wp\/v2\/users\/3"}],"replies":[{"embeddable":true,"href":"https:\/\/bambapolitica.com.mx\/index.php\/wp-json\/wp\/v2\/comments?post=56265"}],"version-history":[{"count":1,"href":"https:\/\/bambapolitica.com.mx\/index.php\/wp-json\/wp\/v2\/posts\/56265\/revisions"}],"predecessor-version":[{"id":56267,"href":"https:\/\/bambapolitica.com.mx\/index.php\/wp-json\/wp\/v2\/posts\/56265\/revisions\/56267"}],"wp:featuredmedia":[{"embeddable":true,"href":"https:\/\/bambapolitica.com.mx\/index.php\/wp-json\/wp\/v2\/media\/56266"}],"wp:attachment":[{"href":"https:\/\/bambapolitica.com.mx\/index.php\/wp-json\/wp\/v2\/media?parent=56265"}],"wp:term":[{"taxonomy":"category","embeddable":true,"href":"https:\/\/bambapolitica.com.mx\/index.php\/wp-json\/wp\/v2\/categories?post=56265"},{"taxonomy":"post_tag","embeddable":true,"href":"https:\/\/bambapolitica.com.mx\/index.php\/wp-json\/wp\/v2\/tags?post=56265"}],"curies":[{"name":"wp","href":"https:\/\/api.w.org\/{rel}","templated":true}]}}