{"id":56271,"date":"2023-02-08T08:54:11","date_gmt":"2023-02-08T14:54:11","guid":{"rendered":"http:\/\/bambapolitica.com.mx\/?p=56271"},"modified":"2023-02-08T08:54:13","modified_gmt":"2023-02-08T14:54:13","slug":"edgar-veytia-ex-fiscal-de-nayarit-declaro-que-garcia-luna-y-felipe-calderon-ordenaron-proteger-a-cartel-de-el-chapo","status":"publish","type":"post","link":"https:\/\/bambapolitica.com.mx\/index.php\/2023\/02\/08\/edgar-veytia-ex-fiscal-de-nayarit-declaro-que-garcia-luna-y-felipe-calderon-ordenaron-proteger-a-cartel-de-el-chapo\/","title":{"rendered":"Edgar Veytia, ex fiscal de Nayarit, declar\u00f3 que Garc\u00eda Luna y Felipe Calder\u00f3n ordenaron proteger a c\u00e1rtel de &#8216;El Chapo&#8217;."},"content":{"rendered":"\n<p>mi\u00e9rcoles, 8 de febrero de 2023<\/p>\n\n\n\n<p>Felipe Calder\u00f3n, ex presidente de M\u00e9xico se\u00f1al\u00f3 que las declaraciones de Edgar Veytia, ex fiscal de Nayarit, realizadas este martes durante el juicio contra Genaro Garc\u00eda Luna, ex secretario de Seguridad, son absurdas.<\/p>\n\n\n\n<p>A trav\u00e9s de su cuenta de twitter se\u00f1al\u00f3 que las afirmaciones de Veytia son una \u201cabsoluta mentira\u201d y asegur\u00f3 que nunca hizo negocios ni pactos con los criminales.<\/p>\n\n\n\n<p>\u201cMe he reservado opinar sobre el juicio al ingeniero Garc\u00eda Luna hasta que concluya. Por ahora niego categ\u00f3ricamente las absurdas declaraciones que reporta la prensa que hizo hoy el testigo Veytia. Lo que se\u00f1ala sobre m\u00ed es una absoluta mentira. Nunca negoci\u00e9 ni pact\u00e9 con criminales\u201d, se lee en el post.<br>Garc\u00eda Luna y Calder\u00f3n ordenaron proteger a c\u00e1rtel de &#8216;El Chapo&#8217;: Veytia<br>El ex fiscal de Nayarit, Edgar Veytia, &#8216;El Diablo&#8217;, revel\u00f3 que en 2011, durante un encuentro con el entonces gobernador de la entidad, Ney Gonz\u00e1lez, \u00e9ste le coment\u00f3 de una reuni\u00f3n de alta seguridad que tuvo en la Ciudad de M\u00e9xico donde el entonces presidente Felipe Calder\u00f3n y el secretario de Seguridad p\u00fablica, Genaro Garc\u00eda Luna, le informaron \u201cque la l\u00ednea era El Chapo\u201d.<\/p>\n\n\n\n<p>\u2014\u00bfQu\u00e9 significaba eso?, cuestion\u00f3 la fiscal que lo interroga.<\/p>\n\n\n\n<p>\u2014Pues que tambi\u00e9n deb\u00edamos proteger a esa facci\u00f3n del c\u00e1rtel de Sinaloa que peleaba con los Beltr\u00e1n Leyva.<\/p>\n\n\n\n<p>Dijo que posteriormente se reuni\u00f3 con \u2018Pelocho\u2019, representante de Joaqu\u00edn \u2018El Chapo\u2019 Guzm\u00e1n en Nayarit, quien prometi\u00f3 liberar a dos polic\u00edas nayaritas que ten\u00edan secuestrados a cambio de que Veytia, en ese entonces secretario de Seguridad P\u00fablica de Tepic, los protegiera adem\u00e1s a ellos.<br>Esa decisi\u00f3n entr\u00f3 en conflicto con el acuerdo que ten\u00edan tanto Veytia como el que fuera alcalde de Tepic, Roberto Sandoval Casta\u00f1eda, con los hermanos Beltr\u00e1n Leyva \u201cquienes prometieron pagarle su campa\u00f1a a la gubernatura\u201d.<\/p>\n\n\n\n<p>Muy temprano en su testimonio Veytia mencion\u00f3 al acusado. Dijo que el comandante Violante, quien era el secretario de Seguridad P\u00fablica, le coment\u00f3 que ven\u00eda llegando de la conferencia nacional de seguridad donde \u201cGenaro Garc\u00eda Luna dijo que deb\u00edamos proteger, ponernos del lado de \u2018El Chapo\u2019.<\/p>\n\n\n\n<p>Acept\u00f3 que en ese momento Tepic era la \u201csegunda ciudad m\u00e1s violenta del pa\u00eds\u201d debido a esa lucha entre los Beltr\u00e1n Leyva y el grupo de Ismael \u2018El Mayo\u2019 Zambada y \u2018El Chapo\u2019 Guzm\u00e1n.<br>&#8216;El Diablo&#8217; declar\u00f3 que Garc\u00eda Luna y Felipe Calder\u00f3n ordenaron proteger al Cartel de &#8216;El Chapo&#8217;. | Especial<br>ampliar<br>-\u201c\u00bfCambi\u00f3 en algo la situaci\u00f3n con la muerte de Arturo Beltr\u00e1n Leyva?\u201d dud\u00f3 la fiscal, a lo que Veytia dijo: \u201cpens\u00e9 que la guerra iba a acabar pero se recrudeci\u00f3&#8221;.<\/p>\n\n\n\n<p>Aunque inici\u00f3 su testimonio hablando en ingl\u00e9s, vestido con el uniforme de la prisi\u00f3n de Brooklyn que ahora comparte con Garc\u00eda Luna, la fiscal le pidi\u00f3 que usara a los int\u00e9rpretes para que su testimonio fuera escuchado y comprendido en espa\u00f1ol por el ex secretario de Seguridad P\u00fablica del sexenio de Felipe Calder\u00f3n.<\/p>\n\n\n\n<p>\u2014\u00bfEscribi\u00f3 usted las cosas a las que se comprometi\u00f3 con los Beltr\u00e1n Leyva?, pregunt\u00f3 la fiscal.<\/p>\n\n\n\n<p>\u2014Los acuerdos con narcotraficantes nunca son por escrito, acept\u00f3 el testigo.<\/p>\n\n\n\n<p>Mencion\u00f3 que ya siendo fiscal lleg\u00f3 a recibir hasta 2 millones de pesos al mes, los cuales usaba \u201cen los gastos diarios\u201d.<\/p>\n","protected":false},"excerpt":{"rendered":"<p>mi\u00e9rcoles, 8 de febrero de 2023 Felipe Calder\u00f3n, ex presidente de M\u00e9xico se\u00f1al\u00f3 que las&#8230;<\/p>\n","protected":false},"author":3,"featured_media":56272,"comment_status":"closed","ping_status":"closed","sticky":false,"template":"","format":"standard","meta":{"footnotes":""},"categories":[4],"tags":[],"class_list":["post-56271","post","type-post","status-publish","format-standard","has-post-thumbnail","hentry","category-noticias-del-dia"],"_links":{"self":[{"href":"https:\/\/bambapolitica.com.mx\/index.php\/wp-json\/wp\/v2\/posts\/56271","targetHints":{"allow":["GET"]}}],"collection":[{"href":"https:\/\/bambapolitica.com.mx\/index.php\/wp-json\/wp\/v2\/posts"}],"about":[{"href":"https:\/\/bambapolitica.com.mx\/index.php\/wp-json\/wp\/v2\/types\/post"}],"author":[{"embeddable":true,"href":"https:\/\/bambapolitica.com.mx\/index.php\/wp-json\/wp\/v2\/users\/3"}],"replies":[{"embeddable":true,"href":"https:\/\/bambapolitica.com.mx\/index.php\/wp-json\/wp\/v2\/comments?post=56271"}],"version-history":[{"count":1,"href":"https:\/\/bambapolitica.com.mx\/index.php\/wp-json\/wp\/v2\/posts\/56271\/revisions"}],"predecessor-version":[{"id":56273,"href":"https:\/\/bambapolitica.com.mx\/index.php\/wp-json\/wp\/v2\/posts\/56271\/revisions\/56273"}],"wp:featuredmedia":[{"embeddable":true,"href":"https:\/\/bambapolitica.com.mx\/index.php\/wp-json\/wp\/v2\/media\/56272"}],"wp:attachment":[{"href":"https:\/\/bambapolitica.com.mx\/index.php\/wp-json\/wp\/v2\/media?parent=56271"}],"wp:term":[{"taxonomy":"category","embeddable":true,"href":"https:\/\/bambapolitica.com.mx\/index.php\/wp-json\/wp\/v2\/categories?post=56271"},{"taxonomy":"post_tag","embeddable":true,"href":"https:\/\/bambapolitica.com.mx\/index.php\/wp-json\/wp\/v2\/tags?post=56271"}],"curies":[{"name":"wp","href":"https:\/\/api.w.org\/{rel}","templated":true}]}}