{"id":56277,"date":"2023-02-08T09:13:21","date_gmt":"2023-02-08T15:13:21","guid":{"rendered":"http:\/\/bambapolitica.com.mx\/?p=56277"},"modified":"2023-02-08T09:13:24","modified_gmt":"2023-02-08T15:13:24","slug":"detienen-a-militar-por-feminicidio-de-una-joven-en-los-reyes-ixtacala-tlalnepantla","status":"publish","type":"post","link":"https:\/\/bambapolitica.com.mx\/index.php\/2023\/02\/08\/detienen-a-militar-por-feminicidio-de-una-joven-en-los-reyes-ixtacala-tlalnepantla\/","title":{"rendered":"Detienen a militar por feminicidio de una joven en Los Reyes Ixtacala, Tlalnepantla"},"content":{"rendered":"\n<p>mi\u00e9rcoles, 8 de febrero de 2023<\/p>\n\n\n\n<p>De acuerdo con las indagatorias, No\u00e9 Orlando \u201cN\u201d habr\u00eda privado de la vida a la joven y luego huy\u00f3 del sitio<\/p>\n\n\n\n<p><br>No\u00e9 Orlando elemento activo de la Secretar\u00eda de la Defensa Nacional fue detenido en una acci\u00f3n conjunta entre personal de la SEDENA y de la fiscal\u00eda general General de Justicia del Estado de M\u00e9xico (FGJEM) por su probable participaci\u00f3n en el feminicidio de una joven en Los Reyes Ixtacala.<\/p>\n\n\n\n<p>Investigaciones de la Fiscal\u00eda mexiquenses ubicaron al presunto feminicida en la colonia Tlaxpana, en la alcald\u00eda Miguel Hidalgo de la Ciudad de M\u00e9xico a donde, con base en los convenios de colaboraci\u00f3n existentes, agentes de la FGJEM y SEDENA se trasladaron y detuvieron al posible implicado, quien se desempe\u00f1aba como elemento activo del 59 Batall\u00f3n de Infanter\u00eda de la Secretar\u00eda de la Defensa Nacional.<br>El feminicidio de la joven ocurri\u00f3 el 25 de julio de 2021 al interior de un inmueble ubicado en la colonia Los Reyes Ixtacala, en el municipio de Tlalnepantla, donde No\u00e9 Orlando \u201cN\u201d, la habr\u00eda privado de la vida y luego huy\u00f3 del sitio, informaron hoy autoridades de la FGJEM.<\/p>\n\n\n\n<p>Las investigaciones realizadas por personal de la Fiscal\u00eda mexiquense determinaron la probable participaci\u00f3n de No\u00e9 Orlando en este feminicidio, por ello el agente del Ministerio P\u00fablico solicit\u00f3 a un juez librar orden de aprehensi\u00f3n en su contra, mandamiento judicial que fue otorgado y tras cumplimentarlo fue trasladado e ingresado al Centro Penitenciario y de Reinserci\u00f3n Social de Tlalnepantla, en donde qued\u00f3 a disposici\u00f3n de un Juez, quien determinar\u00e1 su situaci\u00f3n legal.<\/p>\n\n\n\n<p>No obstante , al detenido se le debe considerar inocente hasta que sea dictada una sentencia condenatoria en su contra, puntualizaron fuentes oficiales de la FGJEM.<\/p>\n","protected":false},"excerpt":{"rendered":"<p>mi\u00e9rcoles, 8 de febrero de 2023 De acuerdo con las indagatorias, No\u00e9 Orlando \u201cN\u201d habr\u00eda&#8230;<\/p>\n","protected":false},"author":3,"featured_media":56278,"comment_status":"closed","ping_status":"closed","sticky":false,"template":"","format":"standard","meta":{"footnotes":""},"categories":[2],"tags":[],"class_list":["post-56277","post","type-post","status-publish","format-standard","has-post-thumbnail","hentry","category-policiaca"],"_links":{"self":[{"href":"https:\/\/bambapolitica.com.mx\/index.php\/wp-json\/wp\/v2\/posts\/56277","targetHints":{"allow":["GET"]}}],"collection":[{"href":"https:\/\/bambapolitica.com.mx\/index.php\/wp-json\/wp\/v2\/posts"}],"about":[{"href":"https:\/\/bambapolitica.com.mx\/index.php\/wp-json\/wp\/v2\/types\/post"}],"author":[{"embeddable":true,"href":"https:\/\/bambapolitica.com.mx\/index.php\/wp-json\/wp\/v2\/users\/3"}],"replies":[{"embeddable":true,"href":"https:\/\/bambapolitica.com.mx\/index.php\/wp-json\/wp\/v2\/comments?post=56277"}],"version-history":[{"count":1,"href":"https:\/\/bambapolitica.com.mx\/index.php\/wp-json\/wp\/v2\/posts\/56277\/revisions"}],"predecessor-version":[{"id":56279,"href":"https:\/\/bambapolitica.com.mx\/index.php\/wp-json\/wp\/v2\/posts\/56277\/revisions\/56279"}],"wp:featuredmedia":[{"embeddable":true,"href":"https:\/\/bambapolitica.com.mx\/index.php\/wp-json\/wp\/v2\/media\/56278"}],"wp:attachment":[{"href":"https:\/\/bambapolitica.com.mx\/index.php\/wp-json\/wp\/v2\/media?parent=56277"}],"wp:term":[{"taxonomy":"category","embeddable":true,"href":"https:\/\/bambapolitica.com.mx\/index.php\/wp-json\/wp\/v2\/categories?post=56277"},{"taxonomy":"post_tag","embeddable":true,"href":"https:\/\/bambapolitica.com.mx\/index.php\/wp-json\/wp\/v2\/tags?post=56277"}],"curies":[{"name":"wp","href":"https:\/\/api.w.org\/{rel}","templated":true}]}}