{"id":56283,"date":"2023-02-08T09:19:17","date_gmt":"2023-02-08T15:19:17","guid":{"rendered":"http:\/\/bambapolitica.com.mx\/?p=56283"},"modified":"2023-02-08T09:19:18","modified_gmt":"2023-02-08T15:19:18","slug":"a-proceso-cristopher-z-por-feminicidios-de-su-pareja-y-su-suegra-en-mp-de-poncitlan","status":"publish","type":"post","link":"https:\/\/bambapolitica.com.mx\/index.php\/2023\/02\/08\/a-proceso-cristopher-z-por-feminicidios-de-su-pareja-y-su-suegra-en-mp-de-poncitlan\/","title":{"rendered":"A proceso Cristopher \u2018Z\u2019 por feminicidios de su pareja y su suegra en MP de Poncitl\u00e1n"},"content":{"rendered":"\n<p>mi\u00e9rcoles, 8 de febrero de 2023<\/p>\n\n\n\n<p>Cristopher Gerardo \u2018Z\u2019 ser\u00e1 procesado por los feminicidios en agravio de su pareja y su suegra, perpetrados en Poncitl\u00e1n, Jalisco<br>La Fiscal\u00eda de Jalisco obtuvo este martes la vinculaci\u00f3n a proceso contra Cristopher Gerardo \u2018Z\u2019 por los feminicidios en agravio de su pareja y su suegra, perpetrados en la agencia del Ministerio P\u00fablico de Poncitl\u00e1n.<\/p>\n\n\n\n<p>Un juez de Control consider\u00f3 suficientes los datos de prueba aportados por la Fiscal\u00eda Especial Regional del Distrito IV y determin\u00f3 adem\u00e1s la medida cautelar de prisi\u00f3n preventiva oficiosa por dos a\u00f1os.<br>Adem\u00e1s, se le imputa el delito de violencia familiar, en agravio de su hijo menor de edad; as\u00ed como homicidio calificado en grado de tentativa y delitos cometidos contra representantes de la autoridad.<\/p>\n\n\n\n<p>El pasado martes 31 de enero, ambas v\u00edctimas se presentaron a la agencia del Ministerio P\u00fablico ubicada sobre la calle de Cuauht\u00e9moc, entre Reforma y Vicente Flores, en Poncitl\u00e1n, a presentar una denuncia por violencia intrafamiliar.<\/p>\n\n\n\n<p>No obstante, el agresor, identificado como Christopher, lleg\u00f3 al sitio y les dispar\u00f3 a ambas mujeres para despu\u00e9s escapar.<br>La suegra del agresor, de 45 a\u00f1os de edad, muri\u00f3 en el sitio, mientras que la pareja, de 21 a\u00f1os, muri\u00f3 en un hospital de Ocotl\u00e1n cuando recib\u00eda atenci\u00f3n m\u00e9dica.<\/p>\n\n\n\n<p>Las autoridades refirieron que al momento de la agresi\u00f3n, solamente hab\u00eda empleados administrativos en la oficina, por lo que no pudieron evitar los hechos ni detener al sujeto.<\/p>\n","protected":false},"excerpt":{"rendered":"<p>mi\u00e9rcoles, 8 de febrero de 2023 Cristopher Gerardo \u2018Z\u2019 ser\u00e1 procesado por los feminicidios en&#8230;<\/p>\n","protected":false},"author":3,"featured_media":56284,"comment_status":"closed","ping_status":"closed","sticky":false,"template":"","format":"standard","meta":{"footnotes":""},"categories":[2],"tags":[],"class_list":["post-56283","post","type-post","status-publish","format-standard","has-post-thumbnail","hentry","category-policiaca"],"_links":{"self":[{"href":"https:\/\/bambapolitica.com.mx\/index.php\/wp-json\/wp\/v2\/posts\/56283","targetHints":{"allow":["GET"]}}],"collection":[{"href":"https:\/\/bambapolitica.com.mx\/index.php\/wp-json\/wp\/v2\/posts"}],"about":[{"href":"https:\/\/bambapolitica.com.mx\/index.php\/wp-json\/wp\/v2\/types\/post"}],"author":[{"embeddable":true,"href":"https:\/\/bambapolitica.com.mx\/index.php\/wp-json\/wp\/v2\/users\/3"}],"replies":[{"embeddable":true,"href":"https:\/\/bambapolitica.com.mx\/index.php\/wp-json\/wp\/v2\/comments?post=56283"}],"version-history":[{"count":1,"href":"https:\/\/bambapolitica.com.mx\/index.php\/wp-json\/wp\/v2\/posts\/56283\/revisions"}],"predecessor-version":[{"id":56285,"href":"https:\/\/bambapolitica.com.mx\/index.php\/wp-json\/wp\/v2\/posts\/56283\/revisions\/56285"}],"wp:featuredmedia":[{"embeddable":true,"href":"https:\/\/bambapolitica.com.mx\/index.php\/wp-json\/wp\/v2\/media\/56284"}],"wp:attachment":[{"href":"https:\/\/bambapolitica.com.mx\/index.php\/wp-json\/wp\/v2\/media?parent=56283"}],"wp:term":[{"taxonomy":"category","embeddable":true,"href":"https:\/\/bambapolitica.com.mx\/index.php\/wp-json\/wp\/v2\/categories?post=56283"},{"taxonomy":"post_tag","embeddable":true,"href":"https:\/\/bambapolitica.com.mx\/index.php\/wp-json\/wp\/v2\/tags?post=56283"}],"curies":[{"name":"wp","href":"https:\/\/api.w.org\/{rel}","templated":true}]}}