{"id":56286,"date":"2023-02-08T09:24:39","date_gmt":"2023-02-08T15:24:39","guid":{"rendered":"http:\/\/bambapolitica.com.mx\/?p=56286"},"modified":"2023-02-08T09:24:40","modified_gmt":"2023-02-08T15:24:40","slug":"dan-sentencia-de-70-y-75-anos-de-carcel-a-dos-hombres-por-secuestro-expres-en-morelos","status":"publish","type":"post","link":"https:\/\/bambapolitica.com.mx\/index.php\/2023\/02\/08\/dan-sentencia-de-70-y-75-anos-de-carcel-a-dos-hombres-por-secuestro-expres-en-morelos\/","title":{"rendered":"Dan sentencia de 70 y 75 a\u00f1os de c\u00e1rcel a dos hombres por secuestro expr\u00e9s en Morelos"},"content":{"rendered":"\n<p>mi\u00e9rcoles, 8 de febrero de 2023<\/p>\n\n\n\n<p>A Manuel \u201cN\u201d y Ram\u00f3n \u201cN\u201d les fue demostrada su plena su responsabilidad en el delito de secuestro expr\u00e9s cometido en contra de un taxista<br>Al quedar demostrada su responsabilidad en el delito de secuestro expr\u00e9s agravado en contra de un taxista, la Fiscal\u00eda General del Estado de Morelos obtuvo sentencia condenatoria en contra de Manuel \u201cN\u201d y Ram\u00f3n \u201cN\u201d por 70 y 75 a\u00f1os de c\u00e1rcel, respectivamente.<br>En audiencia de individualizaci\u00f3n de sanci\u00f3n, el Tribunal de Enjuiciamiento orden\u00f3 a Manuel \u201cN\u201d a pagar una multa superior a los 485 mil pesos, mientras que a Ram\u00f3n \u201cN\u201d le impuso el pago de m\u00e1s de 950 mil pesos en reparaci\u00f3n del da\u00f1o a favor de la v\u00edctima directa.<\/p>\n\n\n\n<p>La Fiscal\u00eda Especializada en Combate al Secuestro y Extorsi\u00f3n acredit\u00f3 que el 14 de mayo de 2018 los sentenciados viajaban como pasajeros en el veh\u00edculo de transporte p\u00fablico que conduc\u00eda la v\u00edctima en el municipio de Amacuzac.<\/p>\n\n\n\n<p>Una vez a bordo lo golpearon y lo secuestraron de manera expr\u00e9s, ya que solo lo retuvieron para exigirle una fuerte suma de dinero bajo la amenaza de que si no la entregaba le iban a secuestrar y matar a uno de sus hijos.<\/p>\n\n\n\n<p>De acuerdo con la Fiscal\u00eda, tras la amenaza lo liberaron y le dieron un aparato celular para mantenerse en contacto; fue as\u00ed que a trav\u00e9s de llamadas telef\u00f3nicas los criminales insistieron con la exigencia econ\u00f3mica hasta que la v\u00edctima logr\u00f3 reunir la cantidad ordenada.<\/p>\n\n\n\n<p>Una vez que junt\u00f3 la suma econ\u00f3mica le dieron indicaciones para su entrega en el municipio de Puente de Ixtla, sin embargo, al momento de realizar la entrega uno de los hijos del conductor solicit\u00f3 ayuda de elementos municipales lo que permiti\u00f3 la detenci\u00f3n en flagrancia de Manuel \u201cN\u201d y Ram\u00f3n \u201cN\u201d.<\/p>\n\n\n\n<p>En tanto que los afectados rindieron su declaraci\u00f3n ante un agente del Ministerio P\u00fablico de la Fiscal\u00eda Especializada en Combate al Secuestro y Extorsi\u00f3n.<\/p>\n\n\n\n<p>Elementos de esa Fiscal\u00eda recabaron asimismo diversas diligencias que permitieron la judicializaci\u00f3n de la carpeta de investigaci\u00f3n, por lo que los ahora sentenciados quedaron a disposici\u00f3n de un Juez de Control y en audiencia inicial fueron vinculados a proceso y llevados a prisi\u00f3n preventiva como medida cautelar.<\/p>\n\n\n\n<p>Posteriormente, como parte del proceso fueron llevados a audiencia de juicio oral durante la que el Agente del Ministerio P\u00fablico desahog\u00f3 las pruebas suficientes que permitieron obtener por unanimidad un fallo condenatorio, al encontrarlos penalmente responsables del delito de secuestro expr\u00e9s agravado.<\/p>\n","protected":false},"excerpt":{"rendered":"<p>mi\u00e9rcoles, 8 de febrero de 2023 A Manuel \u201cN\u201d y Ram\u00f3n \u201cN\u201d les fue demostrada&#8230;<\/p>\n","protected":false},"author":3,"featured_media":56287,"comment_status":"closed","ping_status":"closed","sticky":false,"template":"","format":"standard","meta":{"footnotes":""},"categories":[2],"tags":[],"class_list":["post-56286","post","type-post","status-publish","format-standard","has-post-thumbnail","hentry","category-policiaca"],"_links":{"self":[{"href":"https:\/\/bambapolitica.com.mx\/index.php\/wp-json\/wp\/v2\/posts\/56286","targetHints":{"allow":["GET"]}}],"collection":[{"href":"https:\/\/bambapolitica.com.mx\/index.php\/wp-json\/wp\/v2\/posts"}],"about":[{"href":"https:\/\/bambapolitica.com.mx\/index.php\/wp-json\/wp\/v2\/types\/post"}],"author":[{"embeddable":true,"href":"https:\/\/bambapolitica.com.mx\/index.php\/wp-json\/wp\/v2\/users\/3"}],"replies":[{"embeddable":true,"href":"https:\/\/bambapolitica.com.mx\/index.php\/wp-json\/wp\/v2\/comments?post=56286"}],"version-history":[{"count":1,"href":"https:\/\/bambapolitica.com.mx\/index.php\/wp-json\/wp\/v2\/posts\/56286\/revisions"}],"predecessor-version":[{"id":56288,"href":"https:\/\/bambapolitica.com.mx\/index.php\/wp-json\/wp\/v2\/posts\/56286\/revisions\/56288"}],"wp:featuredmedia":[{"embeddable":true,"href":"https:\/\/bambapolitica.com.mx\/index.php\/wp-json\/wp\/v2\/media\/56287"}],"wp:attachment":[{"href":"https:\/\/bambapolitica.com.mx\/index.php\/wp-json\/wp\/v2\/media?parent=56286"}],"wp:term":[{"taxonomy":"category","embeddable":true,"href":"https:\/\/bambapolitica.com.mx\/index.php\/wp-json\/wp\/v2\/categories?post=56286"},{"taxonomy":"post_tag","embeddable":true,"href":"https:\/\/bambapolitica.com.mx\/index.php\/wp-json\/wp\/v2\/tags?post=56286"}],"curies":[{"name":"wp","href":"https:\/\/api.w.org\/{rel}","templated":true}]}}