{"id":56289,"date":"2023-02-08T09:31:02","date_gmt":"2023-02-08T15:31:02","guid":{"rendered":"http:\/\/bambapolitica.com.mx\/?p=56289"},"modified":"2023-02-08T09:31:04","modified_gmt":"2023-02-08T15:31:04","slug":"choque-de-taxi-en-periferico-sur-deja-5-muertos","status":"publish","type":"post","link":"https:\/\/bambapolitica.com.mx\/index.php\/2023\/02\/08\/choque-de-taxi-en-periferico-sur-deja-5-muertos\/","title":{"rendered":"Choque de taxi en Perif\u00e9rico Sur deja 5 muertos"},"content":{"rendered":"\n<p>mi\u00e9rcoles, 8 de febrero de 2023<\/p>\n\n\n\n<p>Los cinco pasajeros de un taxi murieron en la alcald\u00eda Iztapalapa al chocar el veh\u00edculo contra una banqueta y un \u00e1rbol<br>Cinco personas murieron en la alcald\u00eda Iztapalapa de la Ciudad de M\u00e9xico al chocar el taxi en el que viajaban.<\/p>\n\n\n\n<p>El incidente se registr\u00f3 la noche del martes, sobre Perif\u00e9rico Sur.<br>El conductor perdi\u00f3 el control de la unidad al bajar el puente de Canal de Chalco y se impact\u00f3 contra la banqueta del camell\u00f3n, para posteriormente chocar contra un \u00e1rbol.<\/p>\n\n\n\n<p>Derivado del choque los tres pasajeros que viajaban en la parte trasera, dos hombres y una mujer, salieron proyectados. Sus cuerpos quedaron tendidos sobre la cinta asf\u00e1ltica.<\/p>\n\n\n\n<p>El conductor y copiloto murieron al interior del veh\u00edculo, pero ante los da\u00f1os sufridos fue necesaria la intervenci\u00f3n de servicios de emergencia para recuperar los cuerpos.<\/p>\n\n\n\n<p>El taxi era de la Ciudad de M\u00e9xico y circulaba sin placas, si bien su matr\u00edcula era A-0255-N.<\/p>\n\n\n\n<p>Peritos de la Fiscal\u00eda General de Justicia (FGJ) capitalina llegaron para el levantamiento de cuerpos e indicios, que deriven en la investigaci\u00f3n correspondiente.<\/p>\n","protected":false},"excerpt":{"rendered":"<p>mi\u00e9rcoles, 8 de febrero de 2023 Los cinco pasajeros de un taxi murieron en la&#8230;<\/p>\n","protected":false},"author":3,"featured_media":56291,"comment_status":"closed","ping_status":"closed","sticky":false,"template":"","format":"standard","meta":{"footnotes":""},"categories":[2],"tags":[],"class_list":["post-56289","post","type-post","status-publish","format-standard","has-post-thumbnail","hentry","category-policiaca"],"_links":{"self":[{"href":"https:\/\/bambapolitica.com.mx\/index.php\/wp-json\/wp\/v2\/posts\/56289","targetHints":{"allow":["GET"]}}],"collection":[{"href":"https:\/\/bambapolitica.com.mx\/index.php\/wp-json\/wp\/v2\/posts"}],"about":[{"href":"https:\/\/bambapolitica.com.mx\/index.php\/wp-json\/wp\/v2\/types\/post"}],"author":[{"embeddable":true,"href":"https:\/\/bambapolitica.com.mx\/index.php\/wp-json\/wp\/v2\/users\/3"}],"replies":[{"embeddable":true,"href":"https:\/\/bambapolitica.com.mx\/index.php\/wp-json\/wp\/v2\/comments?post=56289"}],"version-history":[{"count":1,"href":"https:\/\/bambapolitica.com.mx\/index.php\/wp-json\/wp\/v2\/posts\/56289\/revisions"}],"predecessor-version":[{"id":56292,"href":"https:\/\/bambapolitica.com.mx\/index.php\/wp-json\/wp\/v2\/posts\/56289\/revisions\/56292"}],"wp:featuredmedia":[{"embeddable":true,"href":"https:\/\/bambapolitica.com.mx\/index.php\/wp-json\/wp\/v2\/media\/56291"}],"wp:attachment":[{"href":"https:\/\/bambapolitica.com.mx\/index.php\/wp-json\/wp\/v2\/media?parent=56289"}],"wp:term":[{"taxonomy":"category","embeddable":true,"href":"https:\/\/bambapolitica.com.mx\/index.php\/wp-json\/wp\/v2\/categories?post=56289"},{"taxonomy":"post_tag","embeddable":true,"href":"https:\/\/bambapolitica.com.mx\/index.php\/wp-json\/wp\/v2\/tags?post=56289"}],"curies":[{"name":"wp","href":"https:\/\/api.w.org\/{rel}","templated":true}]}}