{"id":56340,"date":"2023-02-09T08:30:03","date_gmt":"2023-02-09T14:30:03","guid":{"rendered":"http:\/\/bambapolitica.com.mx\/?p=56340"},"modified":"2023-02-09T08:30:06","modified_gmt":"2023-02-09T14:30:06","slug":"docentes-mexiquenses-piden-plazas-de-base-e-infraestructura-para-escuelas-en-el-edomex","status":"publish","type":"post","link":"https:\/\/bambapolitica.com.mx\/index.php\/2023\/02\/09\/docentes-mexiquenses-piden-plazas-de-base-e-infraestructura-para-escuelas-en-el-edomex\/","title":{"rendered":"Docentes mexiquenses piden plazas de base e infraestructura para escuelas en el Edomex"},"content":{"rendered":"\n<p>jueves, 9 de febrero de 2023<\/p>\n\n\n\n<p>Tras la falta de servicios b\u00e1sicos como luz y agua en algunas escuelas de la entidad, docentes mexiqueses realizan una manifestaci\u00f3n frente a Palacio de Gobierno en Toluca para exigir respuesta por sus demandas, incluyendo su &#8216;basificaci\u00f3n&#8217;.<\/p>\n\n\n\n<p><br>Un grupo de docentes pertenecientes al Coordinadora Nacional de los Trabajadores de la Educaci\u00f3n en el Estado de M\u00e9xico (CNTE) y miembros del Magisterio Mexiquense Contra la Reforma Educativa (MMCRE), se manifestaron este mi\u00e9rcoles frente a Palacio de Gobierno Estatal, en Toluca, para exigir la basificaci\u00f3n de cerca de 200 maestros que no tienen certeza laboral, que algunos cumplen otras funciones sin una retribuci\u00f3n econ\u00f3mica acorde, y que adem\u00e1s, hay escuelas que requieren de mayor infraestructura y servicios b\u00e1sicos.<\/p>\n\n\n\n<p><br>Gloria de Solano, una de las inconformes, se\u00f1al\u00f3 que desde la Reforma Educativa en 2015 hay cerca de 200 maestros en escuelas de Nezahualc\u00f3yotl, Chalco y Ecatepec que no les han dado plaza de base y que trabajan en condiciones indignas.\u00a0<\/p>\n\n\n\n<p><br>\u201cEl eje fundamental que tenemos es la basificaci\u00f3n, ya que hay varios compa\u00f1eros que llevan muchos a\u00f1os de interinos y no se les ha cumplido. La Ley establece que nosotros tenemos derecho a la basificaci\u00f3n a los seis meses y un d\u00eda, y hasta la fecha no ha habido cumplimiento\u201d, coment\u00f3 Gloria de Solano.<\/p>\n\n\n\n<p><br>Agreg\u00f3 que hay compa\u00f1eros que cubren funciones directivas, pero que todav\u00eda tienen sueldo de docente y sin basificaci\u00f3n, lo cual no les da certeza laboral.\u00a0<br>\u201cHay profesores que est\u00e1n cubriendo otras funciones como la de directivo, por ejemplo, y se les paga como profesores\u201d, agreg\u00f3.<\/p>\n\n\n\n<p><br>Aunado a esto, subray\u00f3 que hay escuelas de esa regi\u00f3n que requieren mayor infraestructura, y que carecen de servicios b\u00e1sicos como agua y luz, y debido a la falta de energ\u00eda el\u00e9ctrica es imposible hacer uso de herramientas tecnol\u00f3gicas e internet.<\/p>\n\n\n\n<p><br>\u201cNos est\u00e1n exigiendo que trabajemos incluso a veces a distancia, de acuerdo a las necesidades que se dan en cada una de las escuelas no tenemos internet, en ocasiones tampoco tenemos luz, y la carencia fundamentalmente es de agua\u201d, coment\u00f3.<\/p>\n\n\n\n<p><br>Finalmente, dijo que la respuesta que les ha dado la autoridad estatal es que &#8220;no hay presupuesto&#8221;, y que las demandas deber\u00edan ser dirigidas al gobierno federal; sin embargo, la federaci\u00f3n afirma que el tema debe ser atendido por la autoridad estatal.<\/p>\n\n\n\n<p><br>\u201cNos dicen que solamente nos van a dar respuesta a lo que est\u00e9 a su alcance, nos se\u00f1alan que no hay presupuesto y que tengamos que exigir a la federaci\u00f3n, pero la federaci\u00f3n nos dice que hay una rama educativa para cada estado y los estados deben responder de acuerdo a la rama educativa que corresponde\u201d, mencion\u00f3.<\/p>\n","protected":false},"excerpt":{"rendered":"<p>jueves, 9 de febrero de 2023 Tras la falta de servicios b\u00e1sicos como luz y&#8230;<\/p>\n","protected":false},"author":3,"featured_media":56341,"comment_status":"closed","ping_status":"closed","sticky":false,"template":"","format":"standard","meta":{"footnotes":""},"categories":[4],"tags":[],"class_list":["post-56340","post","type-post","status-publish","format-standard","has-post-thumbnail","hentry","category-noticias-del-dia"],"_links":{"self":[{"href":"https:\/\/bambapolitica.com.mx\/index.php\/wp-json\/wp\/v2\/posts\/56340","targetHints":{"allow":["GET"]}}],"collection":[{"href":"https:\/\/bambapolitica.com.mx\/index.php\/wp-json\/wp\/v2\/posts"}],"about":[{"href":"https:\/\/bambapolitica.com.mx\/index.php\/wp-json\/wp\/v2\/types\/post"}],"author":[{"embeddable":true,"href":"https:\/\/bambapolitica.com.mx\/index.php\/wp-json\/wp\/v2\/users\/3"}],"replies":[{"embeddable":true,"href":"https:\/\/bambapolitica.com.mx\/index.php\/wp-json\/wp\/v2\/comments?post=56340"}],"version-history":[{"count":1,"href":"https:\/\/bambapolitica.com.mx\/index.php\/wp-json\/wp\/v2\/posts\/56340\/revisions"}],"predecessor-version":[{"id":56342,"href":"https:\/\/bambapolitica.com.mx\/index.php\/wp-json\/wp\/v2\/posts\/56340\/revisions\/56342"}],"wp:featuredmedia":[{"embeddable":true,"href":"https:\/\/bambapolitica.com.mx\/index.php\/wp-json\/wp\/v2\/media\/56341"}],"wp:attachment":[{"href":"https:\/\/bambapolitica.com.mx\/index.php\/wp-json\/wp\/v2\/media?parent=56340"}],"wp:term":[{"taxonomy":"category","embeddable":true,"href":"https:\/\/bambapolitica.com.mx\/index.php\/wp-json\/wp\/v2\/categories?post=56340"},{"taxonomy":"post_tag","embeddable":true,"href":"https:\/\/bambapolitica.com.mx\/index.php\/wp-json\/wp\/v2\/tags?post=56340"}],"curies":[{"name":"wp","href":"https:\/\/api.w.org\/{rel}","templated":true}]}}