{"id":56367,"date":"2023-02-09T09:25:40","date_gmt":"2023-02-09T15:25:40","guid":{"rendered":"http:\/\/bambapolitica.com.mx\/?p=56367"},"modified":"2023-02-10T08:48:42","modified_gmt":"2023-02-10T14:48:42","slug":"detienen-a-director-de-c4-y-policia-cibernetica-de-cuernavaca-por-homicidio","status":"publish","type":"post","link":"https:\/\/bambapolitica.com.mx\/index.php\/2023\/02\/09\/detienen-a-director-de-c4-y-policia-cibernetica-de-cuernavaca-por-homicidio\/","title":{"rendered":"Detienen a director de C4 y Polic\u00eda Cibern\u00e9tica de Cuernavaca por homicidio"},"content":{"rendered":"\n<p>viernes, 10 de febrero de 2023<\/p>\n\n\n\n<p>Autoridades detuvieron a los directores del C4 en Cuernavaca, Hugo \u2018N\u2019, y de la Polic\u00eda Cibern\u00e9tica, Jos\u00e9 Alfredo \u2018N\u2019, como presuntos responsables de homicidio<\/p>\n\n\n\n<p><br>Autoridades detuvieron a los directores del C4 en Cuernavaca, Hugo \u2018N\u2019, y de la Polic\u00eda Cibern\u00e9tica, Jos\u00e9 Alfredo \u2018N\u2019, como presuntos responsables de homicidio<\/p>\n\n\n\n<p><br>Elementos de la Agencia de Investigaci\u00f3n Criminal (AIC) detuvieron a los directores del C4 en Cuernavaca, Hugo \u2018N\u2019, y de la Polic\u00eda Cibern\u00e9tica, Jos\u00e9 Alfredo \u2018N\u2019, como presuntos responsables del homicidio de Rafael Botello, expresidente del Club Rotario de Cuernavaca.<\/p>\n\n\n\n<p><br>De acuerdo con un comunicado de la Fiscal\u00eda General de Morelos, el 02 de septiembre de 2021, personal de Servicios Periciales y de agentes investigadores de la Fiscal\u00eda, acudi\u00f3 a la calle Cuesta Clara de la colonia San Crist\u00f3bal, en el municipio de Cuernavaca, en donde se realiz\u00f3 el levantamiento legal del cuerpo sin vida de quien fue identificado como Rafael Botello Mart\u00edn, de 37 a\u00f1os de edad, quien se localiz\u00f3 a un costado de un veh\u00edculo estacionado en el lugar.<\/p>\n\n\n\n<p><br>\u201cEl cuerpo presentaba lesiones producidas por proyectil de arma de fuego en la extremidad cef\u00e1lica, manos, espalda y t\u00f3rax, realiz\u00e1ndose el aseguramiento del veh\u00edculo as\u00ed como indicios bal\u00edsticos localizados en el lugar para su estudio e identificaci\u00f3n. De igual forma, se realiz\u00f3 la recopilaci\u00f3n de im\u00e1genes de diversas c\u00e1maras de videovigilancia de la zona\u201d, indic\u00f3 la dependencia.<br>Tras las investigaciones, se logr\u00f3 la identificaci\u00f3n de los probables responsables, contra quienes se obtuvieron \u00f3rdenes de aprehensi\u00f3n.<\/p>\n\n\n\n<p><br>La detenci\u00f3n se logr\u00f3 en las instalaciones de la Secretar\u00eda de Protecci\u00f3n y Auxilio Ciudadano de Cuernavaca (Seprac), donde Hugo \u2018N\u2019, se desempe\u00f1aba como director General del C4 Cuernavaca, y antes de ingresar a dichas instalaciones se detuvo a Jos\u00e9 Alfredo \u2018N\u2019, quien se desempe\u00f1aba como director de la Polic\u00eda Cibern\u00e9tica de la misma dependencia.<\/p>\n\n\n\n<p><br>Los detenidos fueron trasladados para su certificaci\u00f3n y posterior puesta a disposici\u00f3n de las autoridades.<br>Ambos ser\u00e1n presentados en audiencia inicial en donde se definir\u00e1 su situaci\u00f3n jur\u00eddica.<\/p>\n","protected":false},"excerpt":{"rendered":"<p>viernes, 10 de febrero de 2023 Autoridades detuvieron a los directores del C4 en Cuernavaca,&#8230;<\/p>\n","protected":false},"author":3,"featured_media":56368,"comment_status":"closed","ping_status":"closed","sticky":false,"template":"","format":"standard","meta":{"footnotes":""},"categories":[2],"tags":[],"class_list":["post-56367","post","type-post","status-publish","format-standard","has-post-thumbnail","hentry","category-policiaca"],"_links":{"self":[{"href":"https:\/\/bambapolitica.com.mx\/index.php\/wp-json\/wp\/v2\/posts\/56367","targetHints":{"allow":["GET"]}}],"collection":[{"href":"https:\/\/bambapolitica.com.mx\/index.php\/wp-json\/wp\/v2\/posts"}],"about":[{"href":"https:\/\/bambapolitica.com.mx\/index.php\/wp-json\/wp\/v2\/types\/post"}],"author":[{"embeddable":true,"href":"https:\/\/bambapolitica.com.mx\/index.php\/wp-json\/wp\/v2\/users\/3"}],"replies":[{"embeddable":true,"href":"https:\/\/bambapolitica.com.mx\/index.php\/wp-json\/wp\/v2\/comments?post=56367"}],"version-history":[{"count":2,"href":"https:\/\/bambapolitica.com.mx\/index.php\/wp-json\/wp\/v2\/posts\/56367\/revisions"}],"predecessor-version":[{"id":56412,"href":"https:\/\/bambapolitica.com.mx\/index.php\/wp-json\/wp\/v2\/posts\/56367\/revisions\/56412"}],"wp:featuredmedia":[{"embeddable":true,"href":"https:\/\/bambapolitica.com.mx\/index.php\/wp-json\/wp\/v2\/media\/56368"}],"wp:attachment":[{"href":"https:\/\/bambapolitica.com.mx\/index.php\/wp-json\/wp\/v2\/media?parent=56367"}],"wp:term":[{"taxonomy":"category","embeddable":true,"href":"https:\/\/bambapolitica.com.mx\/index.php\/wp-json\/wp\/v2\/categories?post=56367"},{"taxonomy":"post_tag","embeddable":true,"href":"https:\/\/bambapolitica.com.mx\/index.php\/wp-json\/wp\/v2\/tags?post=56367"}],"curies":[{"name":"wp","href":"https:\/\/api.w.org\/{rel}","templated":true}]}}