{"id":56370,"date":"2023-02-09T09:30:52","date_gmt":"2023-02-09T15:30:52","guid":{"rendered":"http:\/\/bambapolitica.com.mx\/?p=56370"},"modified":"2023-02-10T08:48:22","modified_gmt":"2023-02-10T14:48:22","slug":"detienen-a-cazador-peruano-en-sonora-acusado-de-matar-a-un-borrego-cimarron","status":"publish","type":"post","link":"https:\/\/bambapolitica.com.mx\/index.php\/2023\/02\/09\/detienen-a-cazador-peruano-en-sonora-acusado-de-matar-a-un-borrego-cimarron\/","title":{"rendered":"Detienen a cazador peruano en Sonora acusado de matar a un borrego cimarr\u00f3n"},"content":{"rendered":"\n<p>viernes, 10 de febrero de 2023<\/p>\n\n\n\n<p>El hecho ocurri\u00f3 en un rancho cineg\u00e9tico protegido, en el cual est\u00e1 prohibida la caza. El imputado fue identificado como \u00c1ngelo &#8216;N&#8217;.<\/p>\n\n\n\n<p><br>Un cazador furtivo de origen peruano y nacionalizado estadounidense fue detenido en Carb\u00f3, Sonora, luego de quitarle la vida a un borrego cimarr\u00f3n macho, un ejemplar criado con la finalidad de preservar la especie.<\/p>\n\n\n\n<p><br>El hecho ocurri\u00f3 en un rancho cineg\u00e9tico protegido, en el cual est\u00e1 prohibida la caza. El imputado fue identificado como \u00c1ngelo &#8216;N&#8217;, quien figura como probable responsable del delito de abigeato (hurto de ganado) por cacer\u00eda furtiva.<\/p>\n\n\n\n<p><br>&#8220;Trabajadores del rancho notaron que hac\u00eda falta un ejemplar, iniciaron su b\u00fasqueda y en las inmediaciones encontraron restos \u00f3seos, faltaba el cr\u00e1neo y miembros anteriores y posteriores, el cerco da\u00f1ado, manchas hem\u00e1ticas y huellas de arrastre\u201d, inform\u00f3 la Fiscal\u00eda Estatal.<br>Tras cometer el delito, \u00c1ngelo &#8216;N&#8217; fotografi\u00f3 al animal sin vida, para posar junto con \u00e9l y presumirlo en sus redes sociales como trofeo.<\/p>\n\n\n\n<p><br>Agentes de la Agencia Ministerial de Investigaci\u00f3n Criminal (AMIC) detectaron las im\u00e1genes para despu\u00e9s localizar a la persona, a quien encontraron en posesi\u00f3n de la cornamenta del cimarr\u00f3n.<br>El sujeto le quit\u00f3 la vida al ejemplar cimarr\u00f3n de ocho a\u00f1os que formaba parte del programa estatal de recuperaci\u00f3n de la especie.<\/p>\n\n\n\n<p><br>Los trabajadores interpusieron la denuncia formal ante las autoridades, por la que la Fiscal\u00eda comenz\u00f3 la investigaci\u00f3n. Por medio de redes sociales ubicaron las fotograf\u00edas donde \u00c1ngelo posaba con el borrego sin vida. El animal fue mostrado como un trofeo, el hombre se ve en la imagen portando un arma de cacer\u00eda.<\/p>\n\n\n\n<p><br>Elementos de la Agencia Ministerial de Investigaci\u00f3n Criminal lograron dar con su paradero y ejecutaron la orden de aprehensi\u00f3n que permiti\u00f3 que fuera puesto a disposici\u00f3n de un juez local.<\/p>\n","protected":false},"excerpt":{"rendered":"<p>viernes, 10 de febrero de 2023 El hecho ocurri\u00f3 en un rancho cineg\u00e9tico protegido, en&#8230;<\/p>\n","protected":false},"author":3,"featured_media":56371,"comment_status":"closed","ping_status":"closed","sticky":false,"template":"","format":"standard","meta":{"footnotes":""},"categories":[2],"tags":[],"class_list":["post-56370","post","type-post","status-publish","format-standard","has-post-thumbnail","hentry","category-policiaca"],"_links":{"self":[{"href":"https:\/\/bambapolitica.com.mx\/index.php\/wp-json\/wp\/v2\/posts\/56370","targetHints":{"allow":["GET"]}}],"collection":[{"href":"https:\/\/bambapolitica.com.mx\/index.php\/wp-json\/wp\/v2\/posts"}],"about":[{"href":"https:\/\/bambapolitica.com.mx\/index.php\/wp-json\/wp\/v2\/types\/post"}],"author":[{"embeddable":true,"href":"https:\/\/bambapolitica.com.mx\/index.php\/wp-json\/wp\/v2\/users\/3"}],"replies":[{"embeddable":true,"href":"https:\/\/bambapolitica.com.mx\/index.php\/wp-json\/wp\/v2\/comments?post=56370"}],"version-history":[{"count":2,"href":"https:\/\/bambapolitica.com.mx\/index.php\/wp-json\/wp\/v2\/posts\/56370\/revisions"}],"predecessor-version":[{"id":56411,"href":"https:\/\/bambapolitica.com.mx\/index.php\/wp-json\/wp\/v2\/posts\/56370\/revisions\/56411"}],"wp:featuredmedia":[{"embeddable":true,"href":"https:\/\/bambapolitica.com.mx\/index.php\/wp-json\/wp\/v2\/media\/56371"}],"wp:attachment":[{"href":"https:\/\/bambapolitica.com.mx\/index.php\/wp-json\/wp\/v2\/media?parent=56370"}],"wp:term":[{"taxonomy":"category","embeddable":true,"href":"https:\/\/bambapolitica.com.mx\/index.php\/wp-json\/wp\/v2\/categories?post=56370"},{"taxonomy":"post_tag","embeddable":true,"href":"https:\/\/bambapolitica.com.mx\/index.php\/wp-json\/wp\/v2\/tags?post=56370"}],"curies":[{"name":"wp","href":"https:\/\/api.w.org\/{rel}","templated":true}]}}