{"id":56376,"date":"2023-02-09T09:39:28","date_gmt":"2023-02-09T15:39:28","guid":{"rendered":"http:\/\/bambapolitica.com.mx\/?p=56376"},"modified":"2023-02-10T08:48:07","modified_gmt":"2023-02-10T14:48:07","slug":"en-la-gam-encuentran-bolsa-con-restos-humanos-fiscalia-de-cdmx-investiga-caso","status":"publish","type":"post","link":"https:\/\/bambapolitica.com.mx\/index.php\/2023\/02\/09\/en-la-gam-encuentran-bolsa-con-restos-humanos-fiscalia-de-cdmx-investiga-caso\/","title":{"rendered":"En la GAM, encuentran bolsa con restos humanos; fiscal\u00eda de CdMx investiga caso"},"content":{"rendered":"\n<p>viernes, 10 de febrero de 2023<\/p>\n\n\n\n<p>Vecinos del lugar reportaron que hab\u00eda una mochila en la v\u00eda p\u00fablica con una bolsa negra en su interior; ten\u00eda restos de un hombre.<\/p>\n\n\n\n<p><br>La Fiscal\u00eda General de Justicia de la Ciudad de M\u00e9xico (FGJCDMX) inici\u00f3 una carpeta de investigaci\u00f3n, luego de que vecinos de la colonia Zona Escolar, de la alcald\u00eda Gustavo A. Madero, reportaron el hallazgo de una maleta en la v\u00eda p\u00fablica que conten\u00eda restos humanos.<br>La instituci\u00f3n capitalina dio a conocer que la indagatoria fue iniciada por el delito de homicidio doloso por otras causas.<\/p>\n\n\n\n<p><br>De acuerdo con los primeros reportes, elementos de la Secretar\u00eda de Seguridad Ciudadana (SSC) se presentaron en la dicha colonia, luego de recibir una llamada de emergencia, en la que vecinos del lugar reportaron que hab\u00eda una mochila en la v\u00eda p\u00fablica con una bolsa negra en su interior, que conten\u00eda restos correspondientes a la extremidad cef\u00e1lica de un hombre.<\/p>\n\n\n\n<p>Por estos hechos, el agente del Ministerio P\u00fablico de la Fiscal\u00eda de Investigaci\u00f3n Estrat\u00e9gica del Delito de Homicidio, de la Coordinaci\u00f3n General de Investigaci\u00f3n Estrat\u00e9gica, inici\u00f3 la carpeta de investigaci\u00f3n correspondiente.<\/p>\n\n\n\n<p>Adem\u00e1s, solicit\u00f3 intervenci\u00f3n de Polic\u00eda de Investigaci\u00f3n (PDI) para la localizaci\u00f3n de mayores indicios, as\u00ed como la ubicaci\u00f3n de c\u00e1maras de video vigilancia en el lugar de los hechos, mientras que lo hallado fue enviado al Instituto de Ciencias Forenses y Servicios Periciales para su an\u00e1lisis.<br>En tanto, la carpeta de investigaci\u00f3n se encuentra en integraci\u00f3n, en espera del resultado de intervenciones periciales en materia de criminal\u00edstica, fotograf\u00eda, qu\u00edmica, gen\u00e9tica, identificaci\u00f3n y protocolo de necropsia.<\/p>\n\n\n\n<p>De acuerdo con el Secretario de Seguridad Ciudadana destac\u00f3 la reducci\u00f3n de homicidios de 47 por ciento entre 2019 y 2022.<\/p>\n\n\n\n<p>Ocho delitos de alto impacto est\u00e1n en m\u00ednimos hist\u00f3ricos desde que la Federaci\u00f3n tiene registros p\u00fablicos.<\/p>\n\n\n\n<p>La Encuesta Nacional de Seguridad P\u00fablica Urbana (ENSU) del Instituto Nacional de Estad\u00edstica y Geograf\u00eda (Inegi), indic\u00f3 que a inicios del 2018, el porcentaje de habitantes de la Ciudad de M\u00e9xico que dec\u00edan sentirse seguros era de 7 por ciento; y al cierre de 2022, esta cifra subi\u00f3 a 40 por ciento.<\/p>\n","protected":false},"excerpt":{"rendered":"<p>viernes, 10 de febrero de 2023 Vecinos del lugar reportaron que hab\u00eda una mochila en&#8230;<\/p>\n","protected":false},"author":3,"featured_media":56377,"comment_status":"closed","ping_status":"closed","sticky":false,"template":"","format":"standard","meta":{"footnotes":""},"categories":[2],"tags":[],"class_list":["post-56376","post","type-post","status-publish","format-standard","has-post-thumbnail","hentry","category-policiaca"],"_links":{"self":[{"href":"https:\/\/bambapolitica.com.mx\/index.php\/wp-json\/wp\/v2\/posts\/56376","targetHints":{"allow":["GET"]}}],"collection":[{"href":"https:\/\/bambapolitica.com.mx\/index.php\/wp-json\/wp\/v2\/posts"}],"about":[{"href":"https:\/\/bambapolitica.com.mx\/index.php\/wp-json\/wp\/v2\/types\/post"}],"author":[{"embeddable":true,"href":"https:\/\/bambapolitica.com.mx\/index.php\/wp-json\/wp\/v2\/users\/3"}],"replies":[{"embeddable":true,"href":"https:\/\/bambapolitica.com.mx\/index.php\/wp-json\/wp\/v2\/comments?post=56376"}],"version-history":[{"count":2,"href":"https:\/\/bambapolitica.com.mx\/index.php\/wp-json\/wp\/v2\/posts\/56376\/revisions"}],"predecessor-version":[{"id":56410,"href":"https:\/\/bambapolitica.com.mx\/index.php\/wp-json\/wp\/v2\/posts\/56376\/revisions\/56410"}],"wp:featuredmedia":[{"embeddable":true,"href":"https:\/\/bambapolitica.com.mx\/index.php\/wp-json\/wp\/v2\/media\/56377"}],"wp:attachment":[{"href":"https:\/\/bambapolitica.com.mx\/index.php\/wp-json\/wp\/v2\/media?parent=56376"}],"wp:term":[{"taxonomy":"category","embeddable":true,"href":"https:\/\/bambapolitica.com.mx\/index.php\/wp-json\/wp\/v2\/categories?post=56376"},{"taxonomy":"post_tag","embeddable":true,"href":"https:\/\/bambapolitica.com.mx\/index.php\/wp-json\/wp\/v2\/tags?post=56376"}],"curies":[{"name":"wp","href":"https:\/\/api.w.org\/{rel}","templated":true}]}}