{"id":56379,"date":"2023-02-09T09:43:31","date_gmt":"2023-02-09T15:43:31","guid":{"rendered":"http:\/\/bambapolitica.com.mx\/?p=56379"},"modified":"2023-02-10T08:47:21","modified_gmt":"2023-02-10T14:47:21","slug":"america-latina-afronta-una-nueva-crisis-con-sus-sociedades-decepcionadas","status":"publish","type":"post","link":"https:\/\/bambapolitica.com.mx\/index.php\/2023\/02\/09\/america-latina-afronta-una-nueva-crisis-con-sus-sociedades-decepcionadas\/","title":{"rendered":"Am\u00e9rica Latina afronta una nueva crisis con sus sociedades \u201cdecepcionadas\u201d"},"content":{"rendered":"\n<p>viernes, 10 de febrero de 2023<\/p>\n\n\n\n<p>Am\u00e9rica Latina afronta una nueva crisis socioecon\u00f3mica con sus sociedades \u201cfatigadas y decepcionadas\u201d por la falta de respuesta a demandas sociales<br>Tras ser la regi\u00f3n del mundo m\u00e1s afectada por la pandemia, Am\u00e9rica Latina afronta una nueva crisis socioecon\u00f3mica con sus sociedades \u201cfatigadas y decepcionadas\u201d ante la falta de respuesta a amplias demandas sociales.<\/p>\n\n\n\n<p>Y ese descontento erosiona las hegemon\u00edas electorales y aumenta la volatilidad del voto en un escenario de debilitamiento de las \u00e9lites pol\u00edticas.<\/p>\n\n\n\n<p>Son algunas conclusiones del informe anual 2022-2023 de la Fundaci\u00f3n Carolina, presentado con el t\u00edtulo \u201cAm\u00e9rica Latina: transiciones \u00bfhacia d\u00f3nde?\u201d<br>\u201cLas sociedades latinoamericanas se encuentran fatigadas, hastiadas, decepcionadas: si la d\u00e9cada de crecimiento econ\u00f3mico hab\u00eda favorecido la movilidad social y la mejora de los sectores populares, o al menos su empleabilidad (mucha de ella en el campo informal), la reducci\u00f3n o incluso el estancamiento econ\u00f3mico, sin un desarrollo adecuado de pol\u00edticas sociales universales, impidieron la cristalizaci\u00f3n de mejoras sociales a medio y largo plazo.\u201d<\/p>\n\n\n\n<p>As\u00ed sintetiza la situaci\u00f3n de la regi\u00f3n la catedr\u00e1tica Esther del Campo, decana de la Facultad de Ciencias Pol\u00edticas y Sociolog\u00eda de la Universidad Complutense de Madrid, y una de los autores del informe.<\/p>\n\n\n\n<p>\u201cLa corrupci\u00f3n institucional -a\u00f1ade-, la falta de transparencia, los negocios il\u00edcitos, la inmigraci\u00f3n ilegal, el surgimiento o crecimiento de movimientos ideol\u00f3gicos conservadores (\u2026) alentaban dar marcha atr\u00e1s en algunos logros y derechos sociales conseguidos\u201d.<\/p>\n\n\n\n<p>\u201cAm\u00e9rica Latina est\u00e1 mostrando un cierto nivel de frustraci\u00f3n con la democracia\u201d, coment\u00f3, por su parte, el secretario espa\u00f1ol de Estado para Iberoam\u00e9rica y el Caribe, Juan Fern\u00e1ndez Trigo, en la presentaci\u00f3n.<\/p>\n\n\n\n<p>Destac\u00f3 que uno de los principales motivos de desafecci\u00f3n con algunos gobiernos se debe a la emigraci\u00f3n masiva, como en Cuba, Nicaragua o Venezuela.<\/p>\n\n\n\n<p>Subray\u00f3 que la asignatura pendiente es \u201cel impulso del comercio entre estos pa\u00edses\u201d, apuntando como buen ejemplo la Comunidad de Estados Latinoamericanos y Caribe\u00f1os (CELAC).<\/p>\n\n\n\n<p>\u201cAspiramos a que Am\u00e9rica Latina sea la regi\u00f3n del mundo que m\u00e1s se parece a Europa\u201c, a\u00f1adi\u00f3 Fern\u00e1ndez Trigo en referencia a la necesidad de que exista un estado del bienestar similar al europeo.<\/p>\n\n\n\n<p>El investigador Pablo Stefanoni, redactor del cap\u00edtulo referido a la situaci\u00f3n pol\u00edtica de la regi\u00f3n, resalt\u00f3 las victorias electorales progresistas de los \u00faltimos tiempos en varios pa\u00edses y la \u201ccrisis pol\u00edtica del centroderecha\u201d y el \u201cmenor entusiasmo ideol\u00f3gico\u201d de la sociedad.<\/p>\n\n\n\n<p>En el caso de Chile, matiz\u00f3, \u201cla derrota\u201d en refer\u00e9ndum de la propuesta de nueva Constituci\u00f3n \u201cnos habla de c\u00f3mo las demandas de cambio se solapan con otras demandas de orden y estabilidad\u201d.<\/p>\n\n\n\n<p>Campo, a su vez, confes\u00f3 que, cuando escribi\u00f3 su cap\u00edtulo (\u201cTiempos cruciales para las sociedades latinoamericanas\u201d) ten\u00eda una visi\u00f3n \u201cmuy pesimista\u201d, pero ser consciente de que se est\u00e1 en un tiempo crucial \u201ces algo decisivo y necesario para Am\u00e9rica Latina\u201d.<\/p>\n\n\n\n<p>La agenda emergente de las mujeres en Latinoam\u00e9rica se trata en el art\u00edculo de la investigadora Cecilia G\u00fcemes, quien recalc\u00f3 \u201cel miedo hacia los movimientos de ultraderecha y antiderechos\u201d y las pol\u00edticas que luchen contra las \u201cbrechas internas y externas de movimientos feministas\u201d<\/p>\n\n\n\n<p>El informe promueve \u201cuna aproximaci\u00f3n m\u00e1s informada a la compleja realidad de Am\u00e9rica Latina y sus relaciones con Espa\u00f1a y la Uni\u00f3n Europea\u201d, seg\u00fan incidi\u00f3, a su vez, el director de la Fundaci\u00f3n Carolina, Jos\u00e9 Antonio Sanahuja.<\/p>\n","protected":false},"excerpt":{"rendered":"<p>viernes, 10 de febrero de 2023 Am\u00e9rica Latina afronta una nueva crisis socioecon\u00f3mica con sus&#8230;<\/p>\n","protected":false},"author":3,"featured_media":56380,"comment_status":"closed","ping_status":"closed","sticky":false,"template":"","format":"standard","meta":{"footnotes":""},"categories":[5],"tags":[],"class_list":["post-56379","post","type-post","status-publish","format-standard","has-post-thumbnail","hentry","category-internacional"],"_links":{"self":[{"href":"https:\/\/bambapolitica.com.mx\/index.php\/wp-json\/wp\/v2\/posts\/56379","targetHints":{"allow":["GET"]}}],"collection":[{"href":"https:\/\/bambapolitica.com.mx\/index.php\/wp-json\/wp\/v2\/posts"}],"about":[{"href":"https:\/\/bambapolitica.com.mx\/index.php\/wp-json\/wp\/v2\/types\/post"}],"author":[{"embeddable":true,"href":"https:\/\/bambapolitica.com.mx\/index.php\/wp-json\/wp\/v2\/users\/3"}],"replies":[{"embeddable":true,"href":"https:\/\/bambapolitica.com.mx\/index.php\/wp-json\/wp\/v2\/comments?post=56379"}],"version-history":[{"count":2,"href":"https:\/\/bambapolitica.com.mx\/index.php\/wp-json\/wp\/v2\/posts\/56379\/revisions"}],"predecessor-version":[{"id":56409,"href":"https:\/\/bambapolitica.com.mx\/index.php\/wp-json\/wp\/v2\/posts\/56379\/revisions\/56409"}],"wp:featuredmedia":[{"embeddable":true,"href":"https:\/\/bambapolitica.com.mx\/index.php\/wp-json\/wp\/v2\/media\/56380"}],"wp:attachment":[{"href":"https:\/\/bambapolitica.com.mx\/index.php\/wp-json\/wp\/v2\/media?parent=56379"}],"wp:term":[{"taxonomy":"category","embeddable":true,"href":"https:\/\/bambapolitica.com.mx\/index.php\/wp-json\/wp\/v2\/categories?post=56379"},{"taxonomy":"post_tag","embeddable":true,"href":"https:\/\/bambapolitica.com.mx\/index.php\/wp-json\/wp\/v2\/tags?post=56379"}],"curies":[{"name":"wp","href":"https:\/\/api.w.org\/{rel}","templated":true}]}}