{"id":56388,"date":"2023-02-09T09:56:02","date_gmt":"2023-02-09T15:56:02","guid":{"rendered":"http:\/\/bambapolitica.com.mx\/?p=56388"},"modified":"2023-02-10T08:46:10","modified_gmt":"2023-02-10T14:46:10","slug":"biden-culpa-a-empleados-del-escandalo-de-los-documentos-clasificados","status":"publish","type":"post","link":"https:\/\/bambapolitica.com.mx\/index.php\/2023\/02\/09\/biden-culpa-a-empleados-del-escandalo-de-los-documentos-clasificados\/","title":{"rendered":"Biden culpa a empleados del esc\u00e1ndalo de los documentos clasificados"},"content":{"rendered":"\n<p>viernes, 10 de febrero de 2023<\/p>\n\n\n\n<p>Biden culp\u00f3 a los empleados que se encargaron de recoger sus oficinas del esc\u00e1ndalo de los documentos clasificados<br>El presidente de Estados Unidos, Joe Biden, culp\u00f3 a los empleados que se encargaron de recoger sus oficinas del esc\u00e1ndalo de los documentos clasificados que han sido encontrados en diferentes lugares frecuentados por el dem\u00f3crata.<\/p>\n\n\n\n<p>\u201cLo que pas\u00f3 es que cuando empaquetaron mis oficinas para trasladarlas, no hicieron el trabajo que deber\u00edan haber hecho para asegurarse de revisar todos los papeles que hab\u00eda\u201d, dijo el mandatario en una entrevista en la cadena PBS.<\/p>\n\n\n\n<p>El esc\u00e1ndalo de los documentos clasificados, que comenz\u00f3 el pasado enero cuando se destap\u00f3 que los abogados de Biden hab\u00edan encontrado -y entregado al Departamento de Justicia\u2013 archivos clasificados de su etapa como vicepresidente, ha lastrado al mandatario en un momento dulce por los buenos datos del empleo.<\/p>\n\n\n\n<p>Tonight, on PBS, President Biden offered new comments regarding the classified documents found in his Delaware home and a private DC office.<\/p>\n\n\n\n<p>He placed blame on those who packed up his office, but did not disclose who was in charge of that process. pic.twitter.com\/YbGQUzT1Se<\/p>\n\n\n\n<p>\u2014 Ryan Smith (@RyanReports) February 9, 2023<\/p>\n\n\n\n<p>Desde entonces han sido varias las veces que el Gobierno estadounidense ha anunciado el hallazgo de m\u00e1s documentos. El pasado 12 de enero, el secretario de Justicia, Merrick Garland, anunci\u00f3 la designaci\u00f3n de un fiscal especial que estudiar\u00e1 todos los papeles clasificados encontrados, el conservador Robert Hur.<\/p>\n\n\n\n<p>Hasta el momento, se han encontrado papeles clasificados en dos oficinas frecuentadas por Biden y en su vivienda de Wilmington (Delaware), pero no en su casa de Rehoboth, en el mismo estado, donde el FBI realiz\u00f3 un registro la semana pasada.<\/p>\n\n\n\n<p>El caso ha provocado comparaciones con el registro de la residencia de Mar-a-Lago (Florida) del expresidente Donald Trump (2017-2021), aunque en este \u00faltimo caso el FBI tuvo que registrar la vivienda porque Trump se negaba a cooperar con la investigaci\u00f3n.<\/p>\n\n\n\n<p>En el caso de Biden, fue \u00e9l mismo quien invit\u00f3 al FBI a registrar su vivienda, seg\u00fan confirm\u00f3 en la entrevista con PBS, y la Casa Blanca ha insistido en varias ocasiones en que el presidente est\u00e1 cooperando plenamente con la investigaci\u00f3n.<\/p>\n\n\n\n<p>Seg\u00fan la ley estadounidense, todos los archivos de una administraci\u00f3n deben entregarse a los Archivos Nacionales, responsables de salvaguardar documentos presidenciales.<\/p>\n","protected":false},"excerpt":{"rendered":"<p>viernes, 10 de febrero de 2023 Biden culp\u00f3 a los empleados que se encargaron de&#8230;<\/p>\n","protected":false},"author":3,"featured_media":56389,"comment_status":"closed","ping_status":"closed","sticky":false,"template":"","format":"standard","meta":{"footnotes":""},"categories":[5],"tags":[],"class_list":["post-56388","post","type-post","status-publish","format-standard","has-post-thumbnail","hentry","category-internacional"],"_links":{"self":[{"href":"https:\/\/bambapolitica.com.mx\/index.php\/wp-json\/wp\/v2\/posts\/56388","targetHints":{"allow":["GET"]}}],"collection":[{"href":"https:\/\/bambapolitica.com.mx\/index.php\/wp-json\/wp\/v2\/posts"}],"about":[{"href":"https:\/\/bambapolitica.com.mx\/index.php\/wp-json\/wp\/v2\/types\/post"}],"author":[{"embeddable":true,"href":"https:\/\/bambapolitica.com.mx\/index.php\/wp-json\/wp\/v2\/users\/3"}],"replies":[{"embeddable":true,"href":"https:\/\/bambapolitica.com.mx\/index.php\/wp-json\/wp\/v2\/comments?post=56388"}],"version-history":[{"count":2,"href":"https:\/\/bambapolitica.com.mx\/index.php\/wp-json\/wp\/v2\/posts\/56388\/revisions"}],"predecessor-version":[{"id":56406,"href":"https:\/\/bambapolitica.com.mx\/index.php\/wp-json\/wp\/v2\/posts\/56388\/revisions\/56406"}],"wp:featuredmedia":[{"embeddable":true,"href":"https:\/\/bambapolitica.com.mx\/index.php\/wp-json\/wp\/v2\/media\/56389"}],"wp:attachment":[{"href":"https:\/\/bambapolitica.com.mx\/index.php\/wp-json\/wp\/v2\/media?parent=56388"}],"wp:term":[{"taxonomy":"category","embeddable":true,"href":"https:\/\/bambapolitica.com.mx\/index.php\/wp-json\/wp\/v2\/categories?post=56388"},{"taxonomy":"post_tag","embeddable":true,"href":"https:\/\/bambapolitica.com.mx\/index.php\/wp-json\/wp\/v2\/tags?post=56388"}],"curies":[{"name":"wp","href":"https:\/\/api.w.org\/{rel}","templated":true}]}}