{"id":56391,"date":"2023-02-09T09:59:45","date_gmt":"2023-02-09T15:59:45","guid":{"rendered":"http:\/\/bambapolitica.com.mx\/?p=56391"},"modified":"2023-02-10T08:45:47","modified_gmt":"2023-02-10T14:45:47","slug":"veteranos-mexicanos-reciben-la-ciudadania-de-estados-unidos-tras-anos-deportados","status":"publish","type":"post","link":"https:\/\/bambapolitica.com.mx\/index.php\/2023\/02\/09\/veteranos-mexicanos-reciben-la-ciudadania-de-estados-unidos-tras-anos-deportados\/","title":{"rendered":"Veteranos mexicanos reciben la ciudadan\u00eda de Estados Unidos tras a\u00f1os deportados"},"content":{"rendered":"\n<p>viernes, 10 de febrero de 2023<\/p>\n\n\n\n<p>La Iniciativa para Miembros Militares y Veteranos Migrantes permiti\u00f3 a dos mexicanos obtener la ciudadan\u00eda de estadounidense<br>Despu\u00e9s de participar en m\u00e1s de 100 misiones de combate en Afganist\u00e1n y de haber sido luego deportado a M\u00e9xico por m\u00e1s de una d\u00e9cada, Mauricio Hern\u00e1ndez Mata se sinti\u00f3 sorprendido cuando, en la ceremonia en que Estados Unidos le otorg\u00f3 este mi\u00e9rcoles la ciudadan\u00eda, lo reconocieron como estadounidense ejemplar.<\/p>\n\n\n\n<p>\u201cUsted, Mauricio Hern\u00e1ndez Mata, es un ejemplo de ciudadano estadounidense\u201d, le dijo la directora del programa del Departamento de Seguridad Interior (DHS) para veteranos deportados, Debra Rogers. \u201cD\u00e9jeme repetirlo: Usted es un ejemplo de ciudadano estadounidense\u201d.<br>Me sent\u00ed validado. Es un reconocimiento por todo lo que he hecho por el pa\u00eds. Es una gran responsabilidad poder honrar esas palabras de hoy en adelante. Me sent\u00ed muy bien de que este d\u00eda, en vez de ser villano soy gente de bien\u201d, dijo el exmilitar momentos despu\u00e9s a EFE.<\/p>\n\n\n\n<p>Junto con Hern\u00e1ndez Mata tambi\u00e9n prest\u00f3 juramento como nuevo ciudadano el veterano Leonel Contreras, quien se sirvi\u00f3 en las Fuerzas Armadas cuando joven, en 1976 y 1977, y despu\u00e9s fue deportado m\u00e1s de dos d\u00e9cadas a su natal M\u00e9xico.<\/p>\n\n\n\n<p>Ambos regresaron el verano pasado con permiso bajo un programa creado por orden ejecutiva el presidente Joe Biden el 2 de julio de 2021 para ayudar a los veteranos de guerra deportados a regresar a Estados Unidos y arreglar su condici\u00f3n migratoria.<\/p>\n\n\n\n<p>El programa, denominado Iniciativa para Miembros Militares y Veteranos Migrantes (IMMVI), fue establecido para abordar las deportaciones injustas de extranjeros que son o fueron miembros de las Fuerzas Armadas y sus familiares elegibles fuera de Estados Unidos, y asegurar el acceso de los veteranos a los beneficios a los que tienen derecho.<br>Para Hern\u00e1ndez Mata obtener la ciudadan\u00eda estadounidense fue \u201cun cambio total\u201d y el desenlace de casi 20 a\u00f1os de guerra, trauma, prisi\u00f3n y deportaci\u00f3n a su pa\u00eds natal, del que recordaba muy poco cuando fue deportado, pues lleg\u00f3 a San Diego cuando ten\u00eda siete a\u00f1os de edad.<\/p>\n\n\n\n<p>Hern\u00e1ndez platic\u00f3 a EFE que, de tanto participar en el frente de batalla a lo largo de seis a\u00f1os y por enfrentar situaciones traumatizantes, cuando regres\u00f3 a California sufr\u00eda sin saberlo de estr\u00e9s postraum\u00e1tico, por lo que cometi\u00f3 errores que se abstuvo de detallar pero lo llevaron a la c\u00e1rcel.<\/p>\n\n\n\n<p>\u201cPagu\u00e9 mi deuda con la sociedad, pero al salir de prisi\u00f3n, como era residente legal en el pa\u00eds pero no ciudadano estadounidense, me deportaron a M\u00e9xico\u201d, dijo.<\/p>\n\n\n\n<p>La deportaci\u00f3n empeor\u00f3 su estr\u00e9s en un pa\u00eds en el que no conoc\u00eda a nadie. Durante ocho a\u00f1os la directora del programa de derechos de los migrantes de la Uni\u00f3n Estadounidense de Libertades Civiles (ACLU) en el sur de California, Jennie Pascuarella, lo represent\u00f3 en cortes para ayudarlo a regresar.<\/p>\n\n\n\n<p>La abogada dijo que el caso de Hern\u00e1ndez Mata es muy importante porque, adem\u00e1s de ser uno de los veteranos deportados que m\u00e1s tiempo han luchado por regresar a Estados Unidos, el hecho de que se le conceda la ciudadan\u00eda aumentar\u00e1 la esperanza para otros veteranos que contin\u00faan deportados.<\/p>\n\n\n\n<p>Ninguna organizaci\u00f3n o instituci\u00f3n conoce el n\u00famero de veteranos que fueron deportados desde que, en 1996, el entones presidente Bill Clinton promulg\u00f3 legislaci\u00f3n para deportar a residentes legales que cometieran delitos que ameritaran cuando menos un a\u00f1o de c\u00e1rcel. Nadie pens\u00f3 que incluir\u00eda a residentes que sirvieron en las Fuerzas Armadas.<\/p>\n\n\n\n<p>Yo pienso que es m\u00e1s ciudadano un hombre que no solo jura defender al pa\u00eds contra todo enemigo interno o externo, sino que efectivamente defiende al pa\u00eds contra todo enemigo\u201d, dijo Hern\u00e1ndez.<\/p>\n\n\n\n<p>Robert Vivar, quien coordina como voluntario el trabajo desde San Diego para que regresen los veteranos deportados, dijo que han sido documentados por lo menos 500 exmilitares que fueron expulsados del pa\u00eds luego de servir en las Fuerzas Armadas.<\/p>\n\n\n\n<p>Debra Rogers, del programa del presidente Biden para que el DHS les ayude a regresar, dijo a EFE que hasta este mi\u00e9rcoles han regresado al pa\u00eds 65 veteranos gracias a la iniciativa. Pero dos m\u00e1s cruzaban este mismo d\u00eda, uno por El Paso, Texas, y el otro por San Diego, California, de acuerdo con Vivar.<\/p>\n\n\n\n<p>Hern\u00e1ndez dijo esperar que la ciudadan\u00eda estadounidense le d\u00e9 un poco de tranquilidad.<\/p>\n\n\n\n<p>\u201cTodav\u00eda sufro de estr\u00e9s postraum\u00e1tico y casi no he salido de casa porque por el estr\u00e9s, y como tomo medicamentos hasta esta ma\u00f1ana yo pensaba que si sal\u00eda y algo pasaba, aunque no fuera mi culpa, otra vez me podr\u00edan deportar. Ahora s\u00e9 que por lo menos ya no me deportar\u00edan, me da confianza para pensar en salir al supermercado m\u00e1s de una vez por mes\u201d, expres\u00f3.<\/p>\n\n\n\n<p>A su vez, Leonel Contreras dijo que ahora se propone cumplir con las leyes, porque aunque ya no se le podr\u00e1 deportar, prefiere vivir tranquilo con su familia en San Diego.<\/p>\n","protected":false},"excerpt":{"rendered":"<p>viernes, 10 de febrero de 2023 La Iniciativa para Miembros Militares y Veteranos Migrantes permiti\u00f3&#8230;<\/p>\n","protected":false},"author":3,"featured_media":56392,"comment_status":"closed","ping_status":"closed","sticky":false,"template":"","format":"standard","meta":{"footnotes":""},"categories":[5],"tags":[],"class_list":["post-56391","post","type-post","status-publish","format-standard","has-post-thumbnail","hentry","category-internacional"],"_links":{"self":[{"href":"https:\/\/bambapolitica.com.mx\/index.php\/wp-json\/wp\/v2\/posts\/56391","targetHints":{"allow":["GET"]}}],"collection":[{"href":"https:\/\/bambapolitica.com.mx\/index.php\/wp-json\/wp\/v2\/posts"}],"about":[{"href":"https:\/\/bambapolitica.com.mx\/index.php\/wp-json\/wp\/v2\/types\/post"}],"author":[{"embeddable":true,"href":"https:\/\/bambapolitica.com.mx\/index.php\/wp-json\/wp\/v2\/users\/3"}],"replies":[{"embeddable":true,"href":"https:\/\/bambapolitica.com.mx\/index.php\/wp-json\/wp\/v2\/comments?post=56391"}],"version-history":[{"count":2,"href":"https:\/\/bambapolitica.com.mx\/index.php\/wp-json\/wp\/v2\/posts\/56391\/revisions"}],"predecessor-version":[{"id":56405,"href":"https:\/\/bambapolitica.com.mx\/index.php\/wp-json\/wp\/v2\/posts\/56391\/revisions\/56405"}],"wp:featuredmedia":[{"embeddable":true,"href":"https:\/\/bambapolitica.com.mx\/index.php\/wp-json\/wp\/v2\/media\/56392"}],"wp:attachment":[{"href":"https:\/\/bambapolitica.com.mx\/index.php\/wp-json\/wp\/v2\/media?parent=56391"}],"wp:term":[{"taxonomy":"category","embeddable":true,"href":"https:\/\/bambapolitica.com.mx\/index.php\/wp-json\/wp\/v2\/categories?post=56391"},{"taxonomy":"post_tag","embeddable":true,"href":"https:\/\/bambapolitica.com.mx\/index.php\/wp-json\/wp\/v2\/tags?post=56391"}],"curies":[{"name":"wp","href":"https:\/\/api.w.org\/{rel}","templated":true}]}}