{"id":56394,"date":"2023-02-09T10:25:21","date_gmt":"2023-02-09T16:25:21","guid":{"rendered":"http:\/\/bambapolitica.com.mx\/?p=56394"},"modified":"2023-02-09T10:44:18","modified_gmt":"2023-02-09T16:44:18","slug":"edomex-hay-tiro-en-serio","status":"publish","type":"post","link":"https:\/\/bambapolitica.com.mx\/index.php\/2023\/02\/09\/edomex-hay-tiro-en-serio\/","title":{"rendered":"Edomex, hay tiro en serio"},"content":{"rendered":"\n<p>jueves, 9 de febrero de 2023<\/p>\n\n\n\n<p>Ayer el anuncio, la precandidata del PRI al gobierno del Estado de M\u00e9xico, Alejandra Del Moral, de cerrar su precampa\u00f1a en Texcoco, hizo explotar a Morena.<\/p>\n\n\n\n<p>\u201dEl PRI intenta provocar a Morena al anunciar su cierre de precampa\u00f1a en Texcoco\u201d, expuso en un comunicado Higinio Mart\u00ednez, delegado especial del CEN de Morena para el Edomex.<\/p>\n\n\n\n<p><br>En el comunicado, Mart\u00ednez pide al tricolor elegir alguno otro de los 124 municipios para hacer su acto pol\u00edtico y dijo que \u201cpareciera que quisieran sabotear el evento de la maestra Delfina G\u00f3mez colapsando con sus seguidores del Estado, y de otras entidades vecinas, las calles texcocanas\u201d y, consider\u00f3, que \u201cpodr\u00eda existir un riesgo de posibles roces entre seguidores de ambas coaliciones\u201d.<br>&#8220;Obviamente, nosotros no nos vamos a mover de Texcoco y seguimos con los preparativos para que la maestra Delfina se re\u00fana con sus militantes y simpatizantes en su casa&#8221;, advirti\u00f3.<\/p>\n\n\n\n<p>Sin embargo, los priistas nos dicen que, fueron ellos los que \u201ciniciaron con la lucha de s\u00edmbolos\u201d y arrancaron la precampa\u00f1a de do\u00f1a Delfina en Toluca.<\/p>\n\n\n\n<p>Nos hacen ver que, aquellos que a\u00fan ten\u00edan dudas y se preguntaban si el PRI realmente va a pelear la gubernatura del Estado de M\u00e9xico, solo tienen que ver la temperatura que est\u00e1 alcanzando la precampa\u00f1a y esperar el inicio de la campa\u00f1a.<\/p>\n\n\n\n<p>Hay tiro, y va en serio.<\/p>\n","protected":false},"excerpt":{"rendered":"<p>jueves, 9 de febrero de 2023 Ayer el anuncio, la precandidata del PRI al gobierno&#8230;<\/p>\n","protected":false},"author":3,"featured_media":56395,"comment_status":"closed","ping_status":"closed","sticky":false,"template":"","format":"standard","meta":{"footnotes":""},"categories":[4],"tags":[],"class_list":["post-56394","post","type-post","status-publish","format-standard","has-post-thumbnail","hentry","category-noticias-del-dia"],"_links":{"self":[{"href":"https:\/\/bambapolitica.com.mx\/index.php\/wp-json\/wp\/v2\/posts\/56394","targetHints":{"allow":["GET"]}}],"collection":[{"href":"https:\/\/bambapolitica.com.mx\/index.php\/wp-json\/wp\/v2\/posts"}],"about":[{"href":"https:\/\/bambapolitica.com.mx\/index.php\/wp-json\/wp\/v2\/types\/post"}],"author":[{"embeddable":true,"href":"https:\/\/bambapolitica.com.mx\/index.php\/wp-json\/wp\/v2\/users\/3"}],"replies":[{"embeddable":true,"href":"https:\/\/bambapolitica.com.mx\/index.php\/wp-json\/wp\/v2\/comments?post=56394"}],"version-history":[{"count":2,"href":"https:\/\/bambapolitica.com.mx\/index.php\/wp-json\/wp\/v2\/posts\/56394\/revisions"}],"predecessor-version":[{"id":56397,"href":"https:\/\/bambapolitica.com.mx\/index.php\/wp-json\/wp\/v2\/posts\/56394\/revisions\/56397"}],"wp:featuredmedia":[{"embeddable":true,"href":"https:\/\/bambapolitica.com.mx\/index.php\/wp-json\/wp\/v2\/media\/56395"}],"wp:attachment":[{"href":"https:\/\/bambapolitica.com.mx\/index.php\/wp-json\/wp\/v2\/media?parent=56394"}],"wp:term":[{"taxonomy":"category","embeddable":true,"href":"https:\/\/bambapolitica.com.mx\/index.php\/wp-json\/wp\/v2\/categories?post=56394"},{"taxonomy":"post_tag","embeddable":true,"href":"https:\/\/bambapolitica.com.mx\/index.php\/wp-json\/wp\/v2\/tags?post=56394"}],"curies":[{"name":"wp","href":"https:\/\/api.w.org\/{rel}","templated":true}]}}