{"id":56401,"date":"2023-02-10T08:40:35","date_gmt":"2023-02-10T14:40:35","guid":{"rendered":"http:\/\/bambapolitica.com.mx\/?p=56401"},"modified":"2023-02-10T08:40:36","modified_gmt":"2023-02-10T14:40:36","slug":"capturan-a-teniente-de-la-sedena-que-transportaba-de-forma-ilegal-cartuchos-y-uniformes","status":"publish","type":"post","link":"https:\/\/bambapolitica.com.mx\/index.php\/2023\/02\/10\/capturan-a-teniente-de-la-sedena-que-transportaba-de-forma-ilegal-cartuchos-y-uniformes\/","title":{"rendered":"Capturan a teniente de la SEDENA que transportaba de forma ilegal cartuchos y uniformes"},"content":{"rendered":"\n<p>viernes, 10 de febrero de 2023<\/p>\n\n\n\n<p>Elementos de la Guardia Nacional (GN) detuvieron a un teniente del Ej\u00e9rcito Mexicano durante un puesto de revisi\u00f3n que se encuentra de manera permanente en la autopista 145D Cosoleacaque\u2013La Tinaja, en Acayucan.<\/p>\n\n\n\n<p><br>El teniente, quien responde al nombre de Crist\u00f3bal N, transportaba de manera ilegal 32 mil cartuchos, chalecos t\u00e1cticos y uniformes.<\/p>\n\n\n\n<p><br>El ahora detenido viajaba en una camionera Chevrolet SUV, modelo Captiva, color gris, con placas de circulaci\u00f3n UAR520A del estado de Puebla, quien intent\u00f3 evitar el filtro de seguridad.<br>El teniente activo del Ej\u00e9rcito Mexicano se identific\u00f3 como adscrito a Materiales de Guerra del Primer Regimiento de Caballer\u00eda Motorizada de Atlixco, Puebla.<\/p>\n\n\n\n<p><br>En la revisi\u00f3n de la unidad motriz, los elementos de la GN encontraron en los compartimientos de la cajuela 150 cajas de cartuchos de diversos calibres, uniformes de uso exclusivo del Ej\u00e9rcito Mexicano, chalecos t\u00e1cticos y dos armas de fuego.<\/p>\n\n\n\n<p><br>El elemento castrense no comprob\u00f3 la procedencia de lo que transportaba, por lo que fue detenido y trasladado a la Fiscal\u00eda General de la Rep\u00fablica de la ciudad de Coatzacoalcos, acusado por delitos federales.<\/p>\n","protected":false},"excerpt":{"rendered":"<p>viernes, 10 de febrero de 2023 Elementos de la Guardia Nacional (GN) detuvieron a un&#8230;<\/p>\n","protected":false},"author":3,"featured_media":56402,"comment_status":"closed","ping_status":"closed","sticky":false,"template":"","format":"standard","meta":{"footnotes":""},"categories":[4],"tags":[],"class_list":["post-56401","post","type-post","status-publish","format-standard","has-post-thumbnail","hentry","category-noticias-del-dia"],"_links":{"self":[{"href":"https:\/\/bambapolitica.com.mx\/index.php\/wp-json\/wp\/v2\/posts\/56401","targetHints":{"allow":["GET"]}}],"collection":[{"href":"https:\/\/bambapolitica.com.mx\/index.php\/wp-json\/wp\/v2\/posts"}],"about":[{"href":"https:\/\/bambapolitica.com.mx\/index.php\/wp-json\/wp\/v2\/types\/post"}],"author":[{"embeddable":true,"href":"https:\/\/bambapolitica.com.mx\/index.php\/wp-json\/wp\/v2\/users\/3"}],"replies":[{"embeddable":true,"href":"https:\/\/bambapolitica.com.mx\/index.php\/wp-json\/wp\/v2\/comments?post=56401"}],"version-history":[{"count":1,"href":"https:\/\/bambapolitica.com.mx\/index.php\/wp-json\/wp\/v2\/posts\/56401\/revisions"}],"predecessor-version":[{"id":56403,"href":"https:\/\/bambapolitica.com.mx\/index.php\/wp-json\/wp\/v2\/posts\/56401\/revisions\/56403"}],"wp:featuredmedia":[{"embeddable":true,"href":"https:\/\/bambapolitica.com.mx\/index.php\/wp-json\/wp\/v2\/media\/56402"}],"wp:attachment":[{"href":"https:\/\/bambapolitica.com.mx\/index.php\/wp-json\/wp\/v2\/media?parent=56401"}],"wp:term":[{"taxonomy":"category","embeddable":true,"href":"https:\/\/bambapolitica.com.mx\/index.php\/wp-json\/wp\/v2\/categories?post=56401"},{"taxonomy":"post_tag","embeddable":true,"href":"https:\/\/bambapolitica.com.mx\/index.php\/wp-json\/wp\/v2\/tags?post=56401"}],"curies":[{"name":"wp","href":"https:\/\/api.w.org\/{rel}","templated":true}]}}