{"id":56414,"date":"2023-02-10T08:50:54","date_gmt":"2023-02-10T14:50:54","guid":{"rendered":"http:\/\/bambapolitica.com.mx\/?p=56414"},"modified":"2023-02-10T08:50:56","modified_gmt":"2023-02-10T14:50:56","slug":"ex-aspirantes-del-pri-a-gubernatura-de-edomex-arropan-a-del-moral","status":"publish","type":"post","link":"https:\/\/bambapolitica.com.mx\/index.php\/2023\/02\/10\/ex-aspirantes-del-pri-a-gubernatura-de-edomex-arropan-a-del-moral\/","title":{"rendered":"Ex aspirantes del PRI a gubernatura de Edomex arropan a Del Moral"},"content":{"rendered":"\n<p>viernes, 10 de febrero de 2023<\/p>\n\n\n\n<p>Alejandra del Moral afirma que sus trabajos de precampa\u00f1as han dado frutos, pues aunque sus adversarios presum\u00edan la ventaja, con el tiempo su partido fue mejorando.<\/p>\n\n\n\n<p><br>La clase pol\u00edtica del municipio de Metepec arrop\u00f3 a la precandidata del Partido Revolucionario Institucional (PRI) a la gubernatura del Estado de M\u00e9xico, Alejandra Del Moral Vela, quien logr\u00f3 que a un encuentro con la militancia asistieran cuatro de los aspirantes a esta precandidatura.<\/p>\n\n\n\n<p><br>Este jueves, Alejandra Del Moral se reuni\u00f3 con la militancia tricolor en el municipio de Metepec, evento al que asistieron cuatro de los aspirantes a ocupar esta precandidatura, entre ellos Ana Lilia Herrera Anzaldo, Ernesto Nemer \u00c1lvarez, Laura Barrera Fortoul, y Ricardo Aguilar Castillo, a quienes agradeci\u00f3 su presencia y reconoci\u00f3 el trabajo y desempe\u00f1o que han tenido, siempre anteponiendo al Estado de M\u00e9xico.<\/p>\n\n\n\n<p><br>Arropada por la clase pol\u00edtica priista<\/p>\n\n\n\n<p><br>Al evento asistieron otras figuras pol\u00edticas, tales como: Arturo Montiel Rojas, Carolina Monroy Del Mazo, Heberto Barrera\u00a0y el ex gobernador de Tamaulipas, Manuel Cavazos.\u00a0<\/p>\n\n\n\n<p><br>Alejandra Del Moral se\u00f1al\u00f3 que a lo largo de este periodo de precampa\u00f1as, el PRI ha dejado claro al menos tres cosas, una de ellas, que la familia priista est\u00e1 unida.<\/p>\n\n\n\n<p><br>La precandidata a la gubernatura, acompa\u00f1ada por el coordinador de la precampa\u00f1a, Alejandro Ozuna Rivero, quien ser\u00e1 tambi\u00e9n el coordinador de la campa\u00f1a electoral, resalt\u00f3 que en este periodo se ha contado con el respaldo de muchos grupos pol\u00edticos, que saben que esta es la opci\u00f3n de miles de mexiquenses que no militan en ning\u00fan partido pol\u00edtico.<\/p>\n\n\n\n<p><br>Resalt\u00f3 que la militancia priista ha demostrado muchas veces que cuando hay unidad, compromiso y cuando se tiene la meta clara no hay qui\u00e9n los detenga.<\/p>\n\n\n\n<p><br>\u201cPara mi esta precampa\u00f1a ha sido la b\u00fasqueda de un ej\u00e9rcito de valientes, hombres y mujeres valientes que est\u00e9n dispuestos a defender lo que hemos hecho bien, porque muchos de aqu\u00ed le han servicio al estado, le han servido a su pa\u00eds\u201d, declar\u00f3.<\/p>\n\n\n\n<p><br>La reconciliaci\u00f3n de M\u00e9xico empieza aqu\u00ed<\/p>\n\n\n\n<p><br>Al llamar a la militancia a ser valientes y a salir a convencer, Del Moral Vela sostuvo que la reconciliaci\u00f3n de M\u00e9xico empieza en el territorio mexiquense, pues m\u00e1s all\u00e1 de los colores partidistas, se trata del futuro de la entidad y del pa\u00eds.<\/p>\n\n\n\n<p><br>\u201cEste pa\u00eds nos necesita m\u00e1s que nunca y por eso necesito hombres y mujeres valientes, valientes para defender lo que hemos hecho bien y cambiar lo que hemos hecho mal, aquellos con los que encabecemos una alianza con la ciudadan\u00eda\u201d, mencion\u00f3.<\/p>\n\n\n\n<p><br>Sostuvo que en este periodo de precampa\u00f1as el trabajo y la dedicaci\u00f3n de los priistas han dado los primeros frutos, pues al inicio sus adversarios presum\u00edan que llevaban much\u00edsimos puntos de ventaja y conforme se avanz\u00f3, esta ventaja se redujo.<\/p>\n\n\n\n<p><br>\u201cEn cuatro semanas avanzamos y caballo que alcanza, gana\u201d, Del Moral.<\/p>\n\n\n\n<p><br>Sostuvo que los priistas no son novatos, pues saben lo que est\u00e1 en juego, y est\u00e1n dispuestos a recorrer cada rinc\u00f3n del Estado de M\u00e9xico con miras al pr\u00f3ximo cuatro de junio.<\/p>\n\n\n\n<p><br>\u201cTrabajemos en unidad por el bien del Estado de Mexico, porque esto va m\u00e1s all\u00e1 de colores de partido, esto es el futuro de nuestros hijos, de nuestras generaciones, y esto es lo que est\u00e1 en juego\u201d, finaliz\u00f3.<\/p>\n","protected":false},"excerpt":{"rendered":"<p>viernes, 10 de febrero de 2023 Alejandra del Moral afirma que sus trabajos de precampa\u00f1as&#8230;<\/p>\n","protected":false},"author":3,"featured_media":56415,"comment_status":"closed","ping_status":"closed","sticky":false,"template":"","format":"standard","meta":{"footnotes":""},"categories":[4],"tags":[],"class_list":["post-56414","post","type-post","status-publish","format-standard","has-post-thumbnail","hentry","category-noticias-del-dia"],"_links":{"self":[{"href":"https:\/\/bambapolitica.com.mx\/index.php\/wp-json\/wp\/v2\/posts\/56414","targetHints":{"allow":["GET"]}}],"collection":[{"href":"https:\/\/bambapolitica.com.mx\/index.php\/wp-json\/wp\/v2\/posts"}],"about":[{"href":"https:\/\/bambapolitica.com.mx\/index.php\/wp-json\/wp\/v2\/types\/post"}],"author":[{"embeddable":true,"href":"https:\/\/bambapolitica.com.mx\/index.php\/wp-json\/wp\/v2\/users\/3"}],"replies":[{"embeddable":true,"href":"https:\/\/bambapolitica.com.mx\/index.php\/wp-json\/wp\/v2\/comments?post=56414"}],"version-history":[{"count":1,"href":"https:\/\/bambapolitica.com.mx\/index.php\/wp-json\/wp\/v2\/posts\/56414\/revisions"}],"predecessor-version":[{"id":56416,"href":"https:\/\/bambapolitica.com.mx\/index.php\/wp-json\/wp\/v2\/posts\/56414\/revisions\/56416"}],"wp:featuredmedia":[{"embeddable":true,"href":"https:\/\/bambapolitica.com.mx\/index.php\/wp-json\/wp\/v2\/media\/56415"}],"wp:attachment":[{"href":"https:\/\/bambapolitica.com.mx\/index.php\/wp-json\/wp\/v2\/media?parent=56414"}],"wp:term":[{"taxonomy":"category","embeddable":true,"href":"https:\/\/bambapolitica.com.mx\/index.php\/wp-json\/wp\/v2\/categories?post=56414"},{"taxonomy":"post_tag","embeddable":true,"href":"https:\/\/bambapolitica.com.mx\/index.php\/wp-json\/wp\/v2\/tags?post=56414"}],"curies":[{"name":"wp","href":"https:\/\/api.w.org\/{rel}","templated":true}]}}