{"id":56417,"date":"2023-02-10T08:51:58","date_gmt":"2023-02-10T14:51:58","guid":{"rendered":"http:\/\/bambapolitica.com.mx\/?p=56417"},"modified":"2023-02-10T08:52:00","modified_gmt":"2023-02-10T14:52:00","slug":"el-cambio-en-el-edomex-esta-imparable-horacio-duarte","status":"publish","type":"post","link":"https:\/\/bambapolitica.com.mx\/index.php\/2023\/02\/10\/el-cambio-en-el-edomex-esta-imparable-horacio-duarte\/","title":{"rendered":"&#8220;El cambio en el EdoMex est\u00e1 imparable&#8221;: Horacio Duarte"},"content":{"rendered":"\n<p>viernes, 10 de febrero de 2023<\/p>\n\n\n\n<p>Duarte Olivares hizo un llamado a la oposici\u00f3n a actuar con responsabilidad.<br>Horacio Duarte, afirm\u00f3 que el cambio en EdoM\u00e9x est\u00e1 imparable, lo que se refleja en los municipios con los millones de simpatizantes y en los estudios de opini\u00f3n que son p\u00fablicos, y es por eso que la oposici\u00f3n &#8220;est\u00e1 desesperada copiando todo lo que hacemos y replicando nuestra agenda, y ahora estar\u00e1n en Texcoco donde la maestra Delfina\u00a0es ejemplo y pues vienen a aprender, no cabe duda que est\u00e1n desesperados&#8221;.<\/p>\n\n\n\n<p><br>&#8220;Como dice la maestra &#8216;vamos requetebi\u00e9n&#8217; en las preferencias, as\u00ed lo reflejan nuestros recorridos a m\u00e1s de 35 municipios en la precampa\u00f1a y todos los sondeos nacionales que nos dan en promedio m\u00e1s de 20 puntos de ventaja. Por eso entendemos que los conservadores est\u00e9n tan desesperados, tan perdidos y copiando todo lo que hacemos, replican nuestra agenda y van atr\u00e1s de nosotros siguiendo nuestra pista. Pues les decimos bienvenidos a Texcoco donde la gente quiere mucho a la maestra Delfina, donde es ejemplo&#8221;, manifest\u00f3 Horacio Duarte.<\/p>\n\n\n\n<p><br>En ese sentido, Duarte Olivares hizo un llamado a la oposici\u00f3n a actuar con responsabilidad para que, en su evento del pr\u00f3ximo domingo, se conduzcan con respeto y no busquen generar confrontaciones o actos de violencia.<\/p>\n\n\n\n<p><br>&#8220;El llamado es a actuar con responsabilidad y que su evento no sea una provocaci\u00f3n. Es una medida desesperada porque piensan que as\u00ed van a generar meterse, aunque sea un poquito a la discusi\u00f3n. Nosotros creemos que vienen a aprender de la gente y del ejemplo de la maestra Delfina&#8221;.<br>Horacio Duarte destac\u00f3 que los resultados m\u00e1s recientes de las encuestas nacionales, donde la precandidata de Morena ocupa el primer lugar en las preferencias, tiene descolocada a la oposici\u00f3n.<br>&#8220;Hoy la encuestadora Enkoll dio a conocer que, a unos d\u00edas del cierre de precampa\u00f1a, los datos de su estudio demosc\u00f3pico arrojan que la maestra Delfina G\u00f3mez cuenta con el 56 por ciento de intenci\u00f3n de las preferencias de las y los mexiquenses, es decir, una ventaja de 19 puntos&#8221;.<\/p>\n\n\n\n<p><br>Horacio Duarte tambi\u00e9n record\u00f3 que ocho de cada 10 mexiquenses quieren el cambio, de acuerdo con los m\u00e1s recientes sondeos, como el del Centro de Planeaci\u00f3n Estrat\u00e9gica y Prospectiva Pol\u00edtica (CEPLAN) que revela 24 puntos de ventaja para Delfina G\u00f3mez.\u00a0<\/p>\n\n\n\n<p><br>En tanto, en la encuesta de Covarrubias y Asociados, la maestra, lleva una ventaja de 22 puntos sobre la aspirante que represente a los de siempre.<\/p>\n\n\n\n<p><br>&#8220;El pueblo del Estado de M\u00e9xico est\u00e1 decidido por el cambio, ocho de cada 10 mexiquenses as\u00ed lo dicen en los estudios de opini\u00f3n; le agradecemos a simpatizantes y militantes la confianza y sus deseos de cambio, no nos confiamos ni nos tiramos a la hamaca, por eso la maestra Delfina tiene una agenda muy fuerte con la gente morenista y de muchas reuniones con sectores productivos y con empresarios que simpatizan con el movimiento y que no tienen duda de la transformaci\u00f3n que viene&#8221;, indic\u00f3 Horacio Duarte<\/p>\n\n\n\n<p><br>En ese sentido, Duarte Olivares record\u00f3 que desde el 14 de enero que inici\u00f3 la precampa\u00f1a, la maestra Delfina G\u00f3mez se ha reunido con m\u00e1s de 250 mil militantes y simpatizantes en m\u00e1s de 35 municipios, con quienes ha corroborado que el ej\u00e9rcito de la alianza est\u00e1 listo para la gran batalla.<\/p>\n\n\n\n<p><br>Finalmente, record\u00f3 que desde el arranque de la precampa\u00f1a se anunci\u00f3 que la maestra Delfina G\u00f3mez cerrar\u00eda su precampa\u00f1a en Texcoco, su tierra natal.<\/p>\n","protected":false},"excerpt":{"rendered":"<p>viernes, 10 de febrero de 2023 Duarte Olivares hizo un llamado a la oposici\u00f3n a&#8230;<\/p>\n","protected":false},"author":3,"featured_media":56418,"comment_status":"closed","ping_status":"closed","sticky":false,"template":"","format":"standard","meta":{"footnotes":""},"categories":[4],"tags":[],"class_list":["post-56417","post","type-post","status-publish","format-standard","has-post-thumbnail","hentry","category-noticias-del-dia"],"_links":{"self":[{"href":"https:\/\/bambapolitica.com.mx\/index.php\/wp-json\/wp\/v2\/posts\/56417","targetHints":{"allow":["GET"]}}],"collection":[{"href":"https:\/\/bambapolitica.com.mx\/index.php\/wp-json\/wp\/v2\/posts"}],"about":[{"href":"https:\/\/bambapolitica.com.mx\/index.php\/wp-json\/wp\/v2\/types\/post"}],"author":[{"embeddable":true,"href":"https:\/\/bambapolitica.com.mx\/index.php\/wp-json\/wp\/v2\/users\/3"}],"replies":[{"embeddable":true,"href":"https:\/\/bambapolitica.com.mx\/index.php\/wp-json\/wp\/v2\/comments?post=56417"}],"version-history":[{"count":1,"href":"https:\/\/bambapolitica.com.mx\/index.php\/wp-json\/wp\/v2\/posts\/56417\/revisions"}],"predecessor-version":[{"id":56419,"href":"https:\/\/bambapolitica.com.mx\/index.php\/wp-json\/wp\/v2\/posts\/56417\/revisions\/56419"}],"wp:featuredmedia":[{"embeddable":true,"href":"https:\/\/bambapolitica.com.mx\/index.php\/wp-json\/wp\/v2\/media\/56418"}],"wp:attachment":[{"href":"https:\/\/bambapolitica.com.mx\/index.php\/wp-json\/wp\/v2\/media?parent=56417"}],"wp:term":[{"taxonomy":"category","embeddable":true,"href":"https:\/\/bambapolitica.com.mx\/index.php\/wp-json\/wp\/v2\/categories?post=56417"},{"taxonomy":"post_tag","embeddable":true,"href":"https:\/\/bambapolitica.com.mx\/index.php\/wp-json\/wp\/v2\/tags?post=56417"}],"curies":[{"name":"wp","href":"https:\/\/api.w.org\/{rel}","templated":true}]}}