{"id":56426,"date":"2023-02-10T09:10:57","date_gmt":"2023-02-10T15:10:57","guid":{"rendered":"http:\/\/bambapolitica.com.mx\/?p=56426"},"modified":"2023-02-10T09:10:58","modified_gmt":"2023-02-10T15:10:58","slug":"pelea-entre-policias-y-vendedores-en-metro-de-la-cdmx-se-hace-viral","status":"publish","type":"post","link":"https:\/\/bambapolitica.com.mx\/index.php\/2023\/02\/10\/pelea-entre-policias-y-vendedores-en-metro-de-la-cdmx-se-hace-viral\/","title":{"rendered":"Pelea entre polic\u00edas y vendedores en metro de la CdMx se hace viral"},"content":{"rendered":"\n<p>viernes, 10 de febrero de 2023<\/p>\n\n\n\n<p>Aparentemente todo fue ocasionado porque uno de los oficiales detuvo a un vendedor por ofrecer sus productos dentro de las instalaciones<\/p>\n\n\n\n<p><br>A solo una semana del inicio de febrero, el mes del amor y la amistad, las redes ya nos han sorprendido bastante los \u00faltimos d\u00edas con cientos de chismes y esc\u00e1ndalos, y en esta ocasi\u00f3n, hasta una pelea en el metro de la Ciudad de M\u00e9xico entre polic\u00edas y vendedores ambulantes de la L\u00ednea 2 ha comenzado a viralizarse.<\/p>\n\n\n\n<p><br>Fue a trav\u00e9s de la red social Twitter, que usuarios hicieron presente el video de una detenci\u00f3n que termin\u00f3 a golpes en el metro de la ciudad, pues aparentemente todo fue ocasionado porque uno de los oficiales detuvo a un vendedor por ofrecer sus productos dentro de las instalaciones, acci\u00f3n por la que el resto de sus compa\u00f1eros actuaron muy molestos hacia las autoridades.<br>En el video se puede apreciar c\u00f3mo los polic\u00edas intentaron llevarse al detenido en uno de los vagones del metro, por lo que \u00e9ste grita al rest\u00f3 de sus compa\u00f1eros, mismos que fueron a su rescate y comenzaron una pelea con los elementos de la Secretar\u00eda de Seguridad Ciudadana adscrita al Sistema de Transporte Colectivo (STC).<\/p>\n\n\n\n<p><br>Ante este hecho, el trayecto del metro comenz\u00f3 a retrasarse, pues la pelea no permiti\u00f3 que \u00e9ste siguiera su paso e incluso se puede observar c\u00f3mo incluso al interior de uno de los vagones, el detenido tambi\u00e9n se encuentra en un enfrentamiento a golpes con otras personas.<br>Algo que caus\u00f3 la indignaci\u00f3n de los usuarios, fue la presencia de los elementos de la Guardia Nacional en el lugar de los hechos, pues pese a su autoridad, no hicieron nada para detener la pelea que ocurr\u00eda en ese momento.<\/p>\n\n\n\n<p><br>\u201cClaudia Sheinbaum es un fracaso. El Metro de la CdMX est\u00e1 fuera de control, vagoneros y polic\u00edas ri\u00f1en en San Antonio Abad en la l\u00ednea 2. Y s\u00ed, todo eso ocurri\u00f3 enfrente de elementos de la Guardia Nacional que se limitaron a observar\u201d es uno de los comentarios de los usuarios en redes sociales.<br>Ante lo sucedido, las autoridades no han pronunciado nada al respecto, sin embargo, durante el d\u00eda podr\u00edan proporcionar m\u00e1s informaci\u00f3n.<\/p>\n\n\n\n<p><br>En el video se puede apreciar c\u00f3mo los polic\u00edas intentaron llevarse al detenido en uno de los vagones del metro, por lo que \u00e9ste grita al rest\u00f3 de sus compa\u00f1eros, mismos que fueron a su rescate y comenzaron una pelea con los elementos de la Secretar\u00eda de Seguridad Ciudadana adscrita al Sistema de Transporte Colectivo (STC).<\/p>\n\n\n\n<p><br>Ante este hecho, el trayecto del metro comenz\u00f3 a retrasarse, pues la pelea no permiti\u00f3 que \u00e9ste siguiera su paso e incluso se puede observar c\u00f3mo incluso al interior de uno de los vagones, el detenido tambi\u00e9n se encuentra en un enfrentamiento a golpes con otras personas.<br>Algo que caus\u00f3 la indignaci\u00f3n de los usuarios, fue la presencia de los elementos de la Guardia Nacional en el lugar de los hechos, pues pese a su autoridad, no hicieron nada para detener la pelea que ocurr\u00eda en ese momento.<\/p>\n\n\n\n<p><br>\u201cClaudia Sheinbaum es un fracaso. El Metro de la CdMX est\u00e1 fuera de control, vagoneros y polic\u00edas ri\u00f1en en San Antonio Abad en la l\u00ednea 2. Y s\u00ed, todo eso ocurri\u00f3 enfrente de elementos de la Guardia Nacional que se limitaron a observar\u201d es uno de los comentarios de los usuarios en redes sociales.<br>Ante lo sucedido, las autoridades no han pronunciado nada al respecto, sin embargo, durante el d\u00eda podr\u00edan proporcionar m\u00e1s informaci\u00f3n.<\/p>\n","protected":false},"excerpt":{"rendered":"<p>viernes, 10 de febrero de 2023 Aparentemente todo fue ocasionado porque uno de los oficiales&#8230;<\/p>\n","protected":false},"author":3,"featured_media":56427,"comment_status":"closed","ping_status":"closed","sticky":false,"template":"","format":"standard","meta":{"footnotes":""},"categories":[4],"tags":[],"class_list":["post-56426","post","type-post","status-publish","format-standard","has-post-thumbnail","hentry","category-noticias-del-dia"],"_links":{"self":[{"href":"https:\/\/bambapolitica.com.mx\/index.php\/wp-json\/wp\/v2\/posts\/56426","targetHints":{"allow":["GET"]}}],"collection":[{"href":"https:\/\/bambapolitica.com.mx\/index.php\/wp-json\/wp\/v2\/posts"}],"about":[{"href":"https:\/\/bambapolitica.com.mx\/index.php\/wp-json\/wp\/v2\/types\/post"}],"author":[{"embeddable":true,"href":"https:\/\/bambapolitica.com.mx\/index.php\/wp-json\/wp\/v2\/users\/3"}],"replies":[{"embeddable":true,"href":"https:\/\/bambapolitica.com.mx\/index.php\/wp-json\/wp\/v2\/comments?post=56426"}],"version-history":[{"count":1,"href":"https:\/\/bambapolitica.com.mx\/index.php\/wp-json\/wp\/v2\/posts\/56426\/revisions"}],"predecessor-version":[{"id":56428,"href":"https:\/\/bambapolitica.com.mx\/index.php\/wp-json\/wp\/v2\/posts\/56426\/revisions\/56428"}],"wp:featuredmedia":[{"embeddable":true,"href":"https:\/\/bambapolitica.com.mx\/index.php\/wp-json\/wp\/v2\/media\/56427"}],"wp:attachment":[{"href":"https:\/\/bambapolitica.com.mx\/index.php\/wp-json\/wp\/v2\/media?parent=56426"}],"wp:term":[{"taxonomy":"category","embeddable":true,"href":"https:\/\/bambapolitica.com.mx\/index.php\/wp-json\/wp\/v2\/categories?post=56426"},{"taxonomy":"post_tag","embeddable":true,"href":"https:\/\/bambapolitica.com.mx\/index.php\/wp-json\/wp\/v2\/tags?post=56426"}],"curies":[{"name":"wp","href":"https:\/\/api.w.org\/{rel}","templated":true}]}}