{"id":56435,"date":"2023-02-11T09:18:00","date_gmt":"2023-02-11T15:18:00","guid":{"rendered":"http:\/\/bambapolitica.com.mx\/?p=56435"},"modified":"2023-02-10T09:24:44","modified_gmt":"2023-02-10T15:24:44","slug":"ieem-ajusta-su-presupuesto-para-este-2023-sin-especificar-cambios","status":"publish","type":"post","link":"https:\/\/bambapolitica.com.mx\/index.php\/2023\/02\/11\/ieem-ajusta-su-presupuesto-para-este-2023-sin-especificar-cambios\/","title":{"rendered":"IEEM ajusta su presupuesto para este 2023, sin especificar cambios"},"content":{"rendered":"\n<p>S\u00e1bado, 11 de febrero de 2023<\/p>\n\n\n\n<p>El IEEM, tuvo que ajustar su presupuesto para este 2023 por recorte que les aplicaron desde el Poder Ejecutivo y Legislativo.<\/p>\n\n\n\n<p><br>El Instituto Electoral del Estado de M\u00e9xico (IEEM), tuvo que ajustar su presupuesto para este 2023 por el recorte que les aplicaron desde el Poder Ejecutivo y Legislativo, por lo cual baj\u00f3 sus proyecciones de gatos de 2 mil 829 millones a 2 mil 729.1 millones de pesos, donde se incluyen mil 289.7 millones de pesos para las prerrogativas de los partidos pol\u00edticos este a\u00f1o y financiamiento para la b\u00fasqueda del voto.<\/p>\n\n\n\n<p><br>En el acuerdo asentaron que en caso de requerir recursos econ\u00f3micos adicionales, las unidades administrativas justificar\u00e1n su requerimiento para que las \u00e1reas competentes realicen las acciones conducentes para solicitar la ampliaci\u00f3n presupuestal necesaria ante el gobierno estatal, pues en la \u00faltima etapa del a\u00f1o se va a empezar a organizar el proceso electoral del 2024.<\/p>\n\n\n\n<p><br>Las consejeras y consejero no dieron a conocer en qu\u00e9 renglones hicieron ajustes al presupuesto, luego de un recorte de 100 millones de pesos a sus finanzas y que compraron nueve camionetas con un valor de 689 mil pesos cada una, las cuales no fueron contemplados en el proyecto presupuestal inicial que se ventil\u00f3 el a\u00f1o pasado.<\/p>\n\n\n\n<p><br>Durante la primera sesi\u00f3n del Consejo General se aprobaron sustituciones de vocal\u00edas distritales del Instituto Electoral del Estado de M\u00e9xico; los formatos \u00fanicos de la documentaci\u00f3n electoral para el voto anticipado; los formatos \u00fanicos de la documentaci\u00f3n electoral para el voto de personas en prisi\u00f3n preventiva; adem\u00e1s del manual de procedimientos para la operaci\u00f3n de \u00f3rganos distritales en materia de organizaci\u00f3n electoral.<\/p>\n\n\n\n<p><br>Convenio con el INE costar\u00e1 41.8 mdp<\/p>\n\n\n\n<p><br>Aprobaron el proyecto de acuerdo del Convenio General de Coordinaci\u00f3n y Colaboraci\u00f3n que celebra en el Instituto Nacional Electoral y el Instituto Electoral del Estado de M\u00e9xico para precisar las actividades y mecanismos de la elecci\u00f3n de la gubernatura, as\u00ed como el anexo financiero donde se establecen los conceptos de gastos y costos de los procedimientos, actividades, plazos y acciones para la elecci\u00f3n.<br>Este tendr\u00e1 un costo de 41.8 millones de pesos para el \u00f3rgano local. Las actividades en las cuales se coordinar\u00e1n son: la integraci\u00f3n de los \u00f3rganos desconcentrados, las campa\u00f1as de actualizaci\u00f3n y de credencializaci\u00f3n, las listas nominales de electores, insumos registrales, capacitaci\u00f3n y asistencia electoral, casillas electorales, documentaci\u00f3n y materiales electorales.<\/p>\n\n\n\n<p><br>Adem\u00e1s de trabajar en la integraci\u00f3n de las mesas directivas de casilla, observadores electorales, candidaturas independientes, candidaturas comunes y coaliciones, registro de precandidaturas y candidaturas, representantes generales y de casilla, organizaci\u00f3n de debates, de la paridad de g\u00e9nero, desarrollo de la jornada electoral, mecanismos de recolecci\u00f3n y recepci\u00f3n de paquetes, promoci\u00f3n de la participaci\u00f3n ciudadana, resultados electorales preliminares.<\/p>\n\n\n\n<p><br>Tambi\u00e9n c\u00f3mputos de la elecci\u00f3n local, sistemas inform\u00e1ticos, acceso a radio y televisi\u00f3n, monitoreo de noticias, fiscalizaci\u00f3n de partidos y contendientes, visitantes extranjeros; el voto en el extranjero, electr\u00f3nico, anticipado, en prisi\u00f3n preventiva; divulgaci\u00f3n institucional de las candidaturas, medidas cautelares en materia de radio y televisi\u00f3n, donde cada uno tendr\u00e1 asignadas las tareas que llevar\u00e1n a cabo para poder cumplir con la organizaci\u00f3n al proceso electoral en marcha.<\/p>\n","protected":false},"excerpt":{"rendered":"<p>S\u00e1bado, 11 de febrero de 2023 El IEEM, tuvo que ajustar su presupuesto para este&#8230;<\/p>\n","protected":false},"author":3,"featured_media":56436,"comment_status":"closed","ping_status":"closed","sticky":false,"template":"","format":"standard","meta":{"footnotes":""},"categories":[4],"tags":[],"class_list":["post-56435","post","type-post","status-publish","format-standard","has-post-thumbnail","hentry","category-noticias-del-dia"],"_links":{"self":[{"href":"https:\/\/bambapolitica.com.mx\/index.php\/wp-json\/wp\/v2\/posts\/56435","targetHints":{"allow":["GET"]}}],"collection":[{"href":"https:\/\/bambapolitica.com.mx\/index.php\/wp-json\/wp\/v2\/posts"}],"about":[{"href":"https:\/\/bambapolitica.com.mx\/index.php\/wp-json\/wp\/v2\/types\/post"}],"author":[{"embeddable":true,"href":"https:\/\/bambapolitica.com.mx\/index.php\/wp-json\/wp\/v2\/users\/3"}],"replies":[{"embeddable":true,"href":"https:\/\/bambapolitica.com.mx\/index.php\/wp-json\/wp\/v2\/comments?post=56435"}],"version-history":[{"count":1,"href":"https:\/\/bambapolitica.com.mx\/index.php\/wp-json\/wp\/v2\/posts\/56435\/revisions"}],"predecessor-version":[{"id":56437,"href":"https:\/\/bambapolitica.com.mx\/index.php\/wp-json\/wp\/v2\/posts\/56435\/revisions\/56437"}],"wp:featuredmedia":[{"embeddable":true,"href":"https:\/\/bambapolitica.com.mx\/index.php\/wp-json\/wp\/v2\/media\/56436"}],"wp:attachment":[{"href":"https:\/\/bambapolitica.com.mx\/index.php\/wp-json\/wp\/v2\/media?parent=56435"}],"wp:term":[{"taxonomy":"category","embeddable":true,"href":"https:\/\/bambapolitica.com.mx\/index.php\/wp-json\/wp\/v2\/categories?post=56435"},{"taxonomy":"post_tag","embeddable":true,"href":"https:\/\/bambapolitica.com.mx\/index.php\/wp-json\/wp\/v2\/tags?post=56435"}],"curies":[{"name":"wp","href":"https:\/\/api.w.org\/{rel}","templated":true}]}}