{"id":56438,"date":"2023-02-11T09:27:00","date_gmt":"2023-02-11T15:27:00","guid":{"rendered":"http:\/\/bambapolitica.com.mx\/?p=56438"},"modified":"2023-02-10T09:28:08","modified_gmt":"2023-02-10T15:28:08","slug":"alejandra-del-moral-y-delfina-gomez-cierran-precampana","status":"publish","type":"post","link":"https:\/\/bambapolitica.com.mx\/index.php\/2023\/02\/11\/alejandra-del-moral-y-delfina-gomez-cierran-precampana\/","title":{"rendered":"Alejandra del Moral y Delfina G\u00f3mez Cierran Precampa\u00f1a"},"content":{"rendered":"\n<p>S\u00e1bado, 11 de febrero de 2023<\/p>\n\n\n\n<p>Texcoco ser\u00e1 el centro nodal del final de las precampa\u00f1as de las aspirantes de Morena y el PRI; los eventos ser\u00e1n el domingo, a las 11:00 horas<\/p>\n\n\n\n<p><br>Las aspirantes del PRI y Morena a la gubernatura del Estado de M\u00e9xico cerrar\u00e1n sus precampa\u00f1as el mismo d\u00eda, misma hora y en el mismo lugar: el municipio de Texcoco.<br>Los eventos ser\u00e1n a las 11:00 horas del pr\u00f3ximo domingo 12 de febrero, confirmaron dirigentes de ambos partidos.<\/p>\n\n\n\n<p><br>Ese municipio es considerado el basti\u00f3n morenista, pues ha sido gobernado por Delfina G\u00f3mez y por el senador Higinio Mart\u00ednez. De ah\u00ed tambi\u00e9n es oriundo el coordinador de la precampa\u00f1a, Horacio Duarte.<br>La precandidata del PRI, PAN, PRD y Nueva Alianza, Alejandra del Moral, confirm\u00f3 este evento a los militantes en el municipio de Almoloya de Alquisiras, al sur mexiquense.<\/p>\n\n\n\n<p><br>Hoy vengo a pedirles con toda humildad y con todo el coraz\u00f3n que me acompa\u00f1en. Los que son delegados que me acompa\u00f1en el 12 de febrero, que es domingo, a la convenci\u00f3n que va a ser en Texcoco<br>Esto desat\u00f3 reacciones en la c\u00fapula de Morena. El diputado Daniel Sibaja dijo que es una provocaci\u00f3n directa de la clase pol\u00edtica y del PRIAN.<\/p>\n\n\n\n<p><br>El \u00fanico sello que tienen es la guerra sucia clasista, racista y de violencia de g\u00e9nero contra la maestra Delfina G\u00f3mez; ahora muestran el v\u00ednculo directo con Antorcha Campesina. Es un tema que han llevado a\u00f1os como grupo de choque, es una agrupaci\u00f3n que el propio presidente de la Rep\u00fablica ya ha se\u00f1alado<br>El presidente del Comit\u00e9 Directivo Estatal del PRI, Eric Sevilla, rechaz\u00f3 las declaraciones de los morenistas, argument\u00f3 que desde que inici\u00f3 la precampa\u00f1a eligieron Texcoco para su Asamblea de delegados y delegadas.<br>Estado de M\u00e9xicoPol\u00edtica<\/p>\n\n\n\n<p><br>La precandidata del PRI, PAN, PRD y Nueva Alianza, Alejandra del Moral, confirm\u00f3 este evento a los militantes en el municipio de Almoloya de Alquisiras, al sur mexiquense.<\/p>\n\n\n\n<p><br>Hoy vengo a pedirles con toda humildad y con todo el coraz\u00f3n que me acompa\u00f1en. Los que son delegados que me acompa\u00f1en el 12 de febrero, que es domingo, a la convenci\u00f3n que va a ser en Texcoco<br>Esto desat\u00f3 reacciones en la c\u00fapula de Morena. El diputado Daniel Sibaja dijo que es una provocaci\u00f3n directa de la clase pol\u00edtica y del PRIAN.<\/p>\n\n\n\n<p><br>El \u00fanico sello que tienen es la guerra sucia clasista, racista y de violencia de g\u00e9nero contra la maestra Delfina G\u00f3mez; ahora muestran el v\u00ednculo directo con Antorcha Campesina. Es un tema que han llevado a\u00f1os como grupo de choque, es una agrupaci\u00f3n que el propio presidente de la Rep\u00fablica ya ha se\u00f1alado<br>El presidente del Comit\u00e9 Directivo Estatal del PRI, Eric Sevilla, rechaz\u00f3 las declaraciones de los morenistas, argument\u00f3 que desde que inici\u00f3 la precampa\u00f1a eligieron Texcoco para su Asamblea de delegados y delegadas.<\/p>\n","protected":false},"excerpt":{"rendered":"<p>S\u00e1bado, 11 de febrero de 2023 Texcoco ser\u00e1 el centro nodal del final de las&#8230;<\/p>\n","protected":false},"author":3,"featured_media":56439,"comment_status":"closed","ping_status":"closed","sticky":false,"template":"","format":"standard","meta":{"footnotes":""},"categories":[4],"tags":[],"class_list":["post-56438","post","type-post","status-publish","format-standard","has-post-thumbnail","hentry","category-noticias-del-dia"],"_links":{"self":[{"href":"https:\/\/bambapolitica.com.mx\/index.php\/wp-json\/wp\/v2\/posts\/56438","targetHints":{"allow":["GET"]}}],"collection":[{"href":"https:\/\/bambapolitica.com.mx\/index.php\/wp-json\/wp\/v2\/posts"}],"about":[{"href":"https:\/\/bambapolitica.com.mx\/index.php\/wp-json\/wp\/v2\/types\/post"}],"author":[{"embeddable":true,"href":"https:\/\/bambapolitica.com.mx\/index.php\/wp-json\/wp\/v2\/users\/3"}],"replies":[{"embeddable":true,"href":"https:\/\/bambapolitica.com.mx\/index.php\/wp-json\/wp\/v2\/comments?post=56438"}],"version-history":[{"count":1,"href":"https:\/\/bambapolitica.com.mx\/index.php\/wp-json\/wp\/v2\/posts\/56438\/revisions"}],"predecessor-version":[{"id":56440,"href":"https:\/\/bambapolitica.com.mx\/index.php\/wp-json\/wp\/v2\/posts\/56438\/revisions\/56440"}],"wp:featuredmedia":[{"embeddable":true,"href":"https:\/\/bambapolitica.com.mx\/index.php\/wp-json\/wp\/v2\/media\/56439"}],"wp:attachment":[{"href":"https:\/\/bambapolitica.com.mx\/index.php\/wp-json\/wp\/v2\/media?parent=56438"}],"wp:term":[{"taxonomy":"category","embeddable":true,"href":"https:\/\/bambapolitica.com.mx\/index.php\/wp-json\/wp\/v2\/categories?post=56438"},{"taxonomy":"post_tag","embeddable":true,"href":"https:\/\/bambapolitica.com.mx\/index.php\/wp-json\/wp\/v2\/tags?post=56438"}],"curies":[{"name":"wp","href":"https:\/\/api.w.org\/{rel}","templated":true}]}}